{"id":1199,"date":"2019-12-04T05:16:26","date_gmt":"2019-12-04T05:16:26","guid":{"rendered":"http:\/\/www.acaoparamita.com.br\/?p=1199"},"modified":"2023-03-27T08:19:53","modified_gmt":"2023-03-27T11:19:53","slug":"boas-praticas-em-saude-mental","status":"publish","type":"post","link":"https:\/\/acaoparamita.com.br\/en\/boas-praticas-em-saude-mental\/","title":{"rendered":"#12 Boas Pr\u00e1ticas em Sa\u00fade Mental"},"content":{"rendered":"<p><iframe width=\"100%\" height=\"150\" scrolling=\"no\" frameborder=\"no\" allow=\"autoplay\" src=\"https:\/\/w.soundcloud.com\/player\/?url=https%3A\/\/api.soundcloud.com\/tracks\/740397595%3Fsecret_token%3Ds-yJPEE&#038;color=%23ff5500&#038;auto_play=false&#038;hide_related=false&#038;show_comments=true&#038;show_user=true&#038;show_reposts=false&#038;show_teaser=true&#038;visual=true\"><\/iframe><\/p>\n\n\n\n<h2 class=\"wp-block-heading\"> O  que as tradi\u00e7\u00f5es contemplativas da \u00cdndia e dos Himalaias podem  contribuir para a melhoria da sa\u00fade mental e emocional em n\u00edvel  individual e coletivo? <br><\/h2>\n\n\n\n<h3 class=\"wp-block-heading\">Mesa<\/h3>\n\n\n\n<p>Lama Samten, Seu Sandro, Andr\u00e9, Florenza e Cl\u00e1udia <\/p>\n\n\n\n<h3 class=\"wp-block-heading\">Convidados<\/h3>\n\n\n\n<b>LAMA LHAWANG<\/b>\n\n\n\n<p>Professor, tradutor, terapeuta e mestre de medita\u00e7\u00e3o na tradi\u00e7\u00e3o budista  dos himalaias. Iniciou no Budismo em 1995, no Brasil. Em 2003 vai para o  oriente onde treina 10 anos nos himalaias, especializando-se em  hist\u00f3ria, l\u00f3gica, psicologia e filosofia budista pela Universidade  Dzongsar, na \u00cdndia e, posteriormente, forma-se como tradutor e  int\u00e9rprete da L\u00edngua Tibetana pelo Center for Buddhist Studies of  Kathmandu University, no Nepal. Fundador e diretor da Comunidade Budista  Drukpa Brasil e presidente de honra do LIVE TO LOVE Brasil. No  Instituto de Ci\u00eancias Contemplativas do Brasil para Estudos Avan\u00e7ados da  Consci\u00eancia e Promo\u00e7\u00e3o da Sa\u00fade \u00e9 fundador e diretor, oferecendo cursos  em Psicologia Contemplativa e Medita\u00e7\u00e3o Terap\u00eautica, Mindfulness  Integral, Equil\u00edbrio Emocional, Regula\u00e7\u00e3o do Stress e no Cultivo da  Aten\u00e7\u00e3o Plena, sendo instrutor internacional certificado pelo pelo Santa  Barbara Institute of Conscioussness Studies (California) em Cultivating  Emotional Balance <\/p>\n\n\n\n<b>ZAIRA SCHUCH<\/b>\n\n\n\n<p>Psic\u00f3loga formada pela UCPEL &#8211; Universidade Cat\u00f3lica de Pelotas, em 1992  &#8211; vem estudando e adotando a Psicologia Budista em seus atendimentos  cl\u00ednicos desde o seu encontro com o Lama Samten em 2001. Em 2004, foi  fundado o CEBB Pelotas\/RS em seu consult\u00f3rio, onde permaneceu por 12  anos <\/p>\n\n\n\n<b>GERSON PAULO JUNG<\/b>\n\n\n\n<p>Formado em Psicologia na UFRGS; atua nas \u00e1reas da Psicologia Cl\u00ednica e  Organizacional e da Psicologia Comunit\u00e1ria, coordenando 25 grupos de  Sa\u00fade Mental Integral, na Secretaria Municipal de Sa\u00fade do Munic\u00edpio de  Gravata\u00ed\/RS <\/p>\n\n\n\n<b>ELIANE ARENAS MORA<\/b>\n\n\n\n<p>Graduada Ci\u00eancias Naturais, Matem\u00e1tica e Psicologia. P\u00f3s graduada em  Educa\u00e7\u00e3o (especializa\u00e7\u00e3o, mestrado e doutorado) Prof. Aposentada da  Universidade Federal Fluminense, Psic\u00f3loga Cl\u00ednica. Aluna do Lama,  tutorada do Nelson Morroni. Facilitadora e Coordenadora do CEBB Niter\u00f3i. <\/p>\n\n\n\n<ul class=\"wp-block-gallery columns-0 is-cropped wp-block-gallery-1 is-layout-flex wp-block-gallery-is-layout-flex\" data-amp-lightbox=\"true\" data-amp-carousel=\"true\"><li class=\"blocks-gallery-item\"><figure><img data-recalc-dims=\"1\" fetchpriority=\"high\" decoding=\"async\" width=\"320\" height=\"240\" src=\"https:\/\/i0.wp.com\/www.acaoparamita.com.br\/wp-content\/uploads\/2020\/01\/12-01.jpg?resize=320%2C240\" alt=\"\" data-id=\"1200\" data-link=\"http:\/\/www.acaoparamita.com.br\/?attachment_id=1200\" class=\"wp-image-1200\" srcset=\"https:\/\/i0.wp.com\/acaoparamita.com.br\/wp-content\/uploads\/2020\/01\/12-01.jpg?w=320&amp;ssl=1 320w, https:\/\/i0.wp.com\/acaoparamita.com.br\/wp-content\/uploads\/2020\/01\/12-01.jpg?resize=300%2C225&amp;ssl=1 300w\" sizes=\"(max-width: 320px) 100vw, 320px\" \/><\/figure><\/li><li class=\"blocks-gallery-item\"><figure><img data-recalc-dims=\"1\" decoding=\"async\" width=\"320\" height=\"180\" src=\"https:\/\/i0.wp.com\/www.acaoparamita.com.br\/wp-content\/uploads\/2020\/01\/12-02.jpg?resize=320%2C180\" alt=\"\" data-id=\"1201\" data-link=\"http:\/\/www.acaoparamita.com.br\/?attachment_id=1201\" class=\"wp-image-1201\" srcset=\"https:\/\/i0.wp.com\/acaoparamita.com.br\/wp-content\/uploads\/2020\/01\/12-02.jpg?w=320&amp;ssl=1 320w, https:\/\/i0.wp.com\/acaoparamita.com.br\/wp-content\/uploads\/2020\/01\/12-02.jpg?resize=300%2C169&amp;ssl=1 300w\" sizes=\"(max-width: 320px) 100vw, 320px\" \/><\/figure><\/li><li class=\"blocks-gallery-item\"><figure><img data-recalc-dims=\"1\" decoding=\"async\" width=\"320\" height=\"240\" src=\"https:\/\/i0.wp.com\/www.acaoparamita.com.br\/wp-content\/uploads\/2020\/01\/12-03.jpg?resize=320%2C240\" alt=\"\" data-id=\"1202\" data-link=\"http:\/\/www.acaoparamita.com.br\/?attachment_id=1202\" class=\"wp-image-1202\" srcset=\"https:\/\/i0.wp.com\/acaoparamita.com.br\/wp-content\/uploads\/2020\/01\/12-03.jpg?w=320&amp;ssl=1 320w, https:\/\/i0.wp.com\/acaoparamita.com.br\/wp-content\/uploads\/2020\/01\/12-03.jpg?resize=300%2C225&amp;ssl=1 300w\" sizes=\"(max-width: 320px) 100vw, 320px\" \/><\/figure><\/li><li class=\"blocks-gallery-item\"><figure><img data-recalc-dims=\"1\" loading=\"lazy\" decoding=\"async\" width=\"320\" height=\"240\" src=\"https:\/\/i0.wp.com\/www.acaoparamita.com.br\/wp-content\/uploads\/2020\/01\/12-04.jpg?resize=320%2C240\" alt=\"\" data-id=\"1203\" data-link=\"http:\/\/www.acaoparamita.com.br\/?attachment_id=1203\" class=\"wp-image-1203\" srcset=\"https:\/\/i0.wp.com\/acaoparamita.com.br\/wp-content\/uploads\/2020\/01\/12-04.jpg?w=320&amp;ssl=1 320w, https:\/\/i0.wp.com\/acaoparamita.com.br\/wp-content\/uploads\/2020\/01\/12-04.jpg?resize=300%2C225&amp;ssl=1 300w\" sizes=\"(max-width: 320px) 100vw, 320px\" \/><\/figure><\/li><li class=\"blocks-gallery-item\"><figure><img data-recalc-dims=\"1\" loading=\"lazy\" decoding=\"async\" width=\"320\" height=\"180\" src=\"https:\/\/i0.wp.com\/www.acaoparamita.com.br\/wp-content\/uploads\/2020\/01\/12-05.jpg?resize=320%2C180\" alt=\"\" data-id=\"1204\" data-link=\"http:\/\/www.acaoparamita.com.br\/?attachment_id=1204\" class=\"wp-image-1204\" srcset=\"https:\/\/i0.wp.com\/acaoparamita.com.br\/wp-content\/uploads\/2020\/01\/12-05.jpg?w=320&amp;ssl=1 320w, https:\/\/i0.wp.com\/acaoparamita.com.br\/wp-content\/uploads\/2020\/01\/12-05.jpg?resize=300%2C169&amp;ssl=1 300w\" sizes=\"(max-width: 320px) 100vw, 320px\" \/><\/figure><\/li><\/ul>","protected":false},"excerpt":{"rendered":"<p>O que as tradi\u00e7\u00f5es contemplativas da \u00cdndia e dos Himalaias podem contribuir para a melhoria da sa\u00fade mental e emocional em n\u00edvel individual e coletivo? Mesa Lama Samten, Seu Sandro, Andr\u00e9, Florenza e Cl\u00e1udia Convidados LAMA LHAWANG Professor, tradutor, terapeuta e mestre de medita\u00e7\u00e3o na tradi\u00e7\u00e3o budista dos himalaias. Iniciou no Budismo em 1995, no [&hellip;]<\/p>\n","protected":false},"author":1,"featured_media":1205,"comment_status":"closed","ping_status":"open","sticky":false,"template":"","format":"standard","meta":{"_themeisle_gutenberg_block_has_review":false,"_jetpack_memberships_contains_paid_content":false,"footnotes":""},"categories":[53],"tags":[],"class_list":["post-1199","post","type-post","status-publish","format-standard","has-post-thumbnail","hentry","category-roda-de-conversa"],"jetpack_featured_media_url":"https:\/\/i0.wp.com\/acaoparamita.com.br\/wp-content\/uploads\/2020\/01\/rc-12.jpg?fit=320%2C320&ssl=1","jetpack_sharing_enabled":true,"_links":{"self":[{"href":"https:\/\/acaoparamita.com.br\/en\/wp-json\/wp\/v2\/posts\/1199","targetHints":{"allow":["GET"]}}],"collection":[{"href":"https:\/\/acaoparamita.com.br\/en\/wp-json\/wp\/v2\/posts"}],"about":[{"href":"https:\/\/acaoparamita.com.br\/en\/wp-json\/wp\/v2\/types\/post"}],"author":[{"embeddable":true,"href":"https:\/\/acaoparamita.com.br\/en\/wp-json\/wp\/v2\/users\/1"}],"replies":[{"embeddable":true,"href":"https:\/\/acaoparamita.com.br\/en\/wp-json\/wp\/v2\/comments?post=1199"}],"version-history":[{"count":1,"href":"https:\/\/acaoparamita.com.br\/en\/wp-json\/wp\/v2\/posts\/1199\/revisions"}],"predecessor-version":[{"id":8222,"href":"https:\/\/acaoparamita.com.br\/en\/wp-json\/wp\/v2\/posts\/1199\/revisions\/8222"}],"wp:featuredmedia":[{"embeddable":true,"href":"https:\/\/acaoparamita.com.br\/en\/wp-json\/wp\/v2\/media\/1205"}],"wp:attachment":[{"href":"https:\/\/acaoparamita.com.br\/en\/wp-json\/wp\/v2\/media?parent=1199"}],"wp:term":[{"taxonomy":"category","embeddable":true,"href":"https:\/\/acaoparamita.com.br\/en\/wp-json\/wp\/v2\/categories?post=1199"},{"taxonomy":"post_tag","embeddable":true,"href":"https:\/\/acaoparamita.com.br\/en\/wp-json\/wp\/v2\/tags?post=1199"}],"curies":[{"name":"wp","href":"https:\/\/api.w.org\/{rel}","templated":true}]}}