{"id":1215,"date":"2019-12-12T05:37:35","date_gmt":"2019-12-12T05:37:35","guid":{"rendered":"http:\/\/www.acaoparamita.com.br\/?p=1215"},"modified":"2023-03-27T08:19:53","modified_gmt":"2023-03-27T11:19:53","slug":"desafios-contemporaneos-da-espiritualidade","status":"publish","type":"post","link":"https:\/\/acaoparamita.com.br\/en\/desafios-contemporaneos-da-espiritualidade\/","title":{"rendered":"#15 Desafios contempor\u00e2neos da espiritualidade"},"content":{"rendered":"<p><iframe width=\"100%\" height=\"150\" scrolling=\"no\" frameborder=\"no\" allow=\"autoplay\" src=\"https:\/\/w.soundcloud.com\/player\/?url=https%3A\/\/api.soundcloud.com\/tracks\/740419405%3Fsecret_token%3Ds-KJiVI&#038;color=%23ff5500&#038;auto_play=false&#038;hide_related=false&#038;show_comments=true&#038;show_user=true&#038;show_reposts=false&#038;show_teaser=true&#038;visual=true\"><\/iframe><\/p>\n\n\n\n<h2 class=\"wp-block-heading\">O  que as diferentes religi\u00f5es podem fazer para responder aos nossos  desafios atuais? Como podemos agir num cen\u00e1rio de intoler\u00e2ncia  religiosa, mudan\u00e7as clim\u00e1ticas aceleradas e degrada\u00e7\u00e3o ambiental? O  di\u00e1logo inter-religioso e com a Ci\u00eancia moderna \u00e9 poss\u00edvel? Temos um  Estado Laico de fato?  <br><\/h2>\n\n\n\n<h3 class=\"wp-block-heading\">Mesa<\/h3>\n\n\n\n<p>Lama Samten, Seu Sandro, Florenza e Cl\u00e1udia<\/p>\n\n\n\n<h3 class=\"wp-block-heading\">Convidados<\/h3>\n\n\n\n<b>BAB\u00c1 PHIL<\/b>\n\n\n\n<p>Babalorix\u00e1\/Pai-de-Santo, YouTuber, Podcaster, militante da causa  afro-religiosa desde 2014, membro da coordena\u00e7\u00e3o no coletivo CIDREMA,  mobilizador no movimento Vamos \u00e0 Luta e fundador da Rede Batuque RS.  Atua ativamente n\u00f3s movimentos afro-religiosos, em defesa da liberdade  religiosa e contra todo o tipo de preconceito direto ou institucional. <\/p>\n\n\n\n<b>SEU SANDRO<\/b>\n\n\n\n<p>Sandro C\u00e2mara \u00e9 aluno do Lama Padma Samten desde 1998, facilitando no  CEBB desde 2000. Administrador especialista em Projetos Empresariais e  Governamentais, trabalhou por 15 anos em estatais nas \u00e1reas de Educa\u00e7\u00e3o  Corporativa, Responsabilidade Socioambiental e Relacionamento  Comunit\u00e1rio. Fundador e Terapeuta Respons\u00e1vel da PADMA PICS Conte\u00fado,  Educa\u00e7\u00e3o eTerapias, realiza consultas, cursos e oficinas, cuidando de  pessoas e grupos atrav\u00e9s do Reiki, dos Florais, do CBTC &#8211; Treinamento da  Compaix\u00e3o na Abordagem Cognitiva, dos Di\u00e1logos Apreciativos e da  Terapia Comunit\u00e1ria Integrativa. Foi presidente das ONs TRELA &#8211; Trupe  Experimental de Literatura e Arte e do LIVE TO LOVE Brasil. Participou  do F\u00f3rum DI\u00c1LOGOS da Diversidade Religiosa em Pernambuco, desde de seu  lan\u00e7amento em 2012 at\u00e9 2017, tendo feito parte de sua Coordena\u00e7\u00e3o  Executiva, representando o CEBB. Atualmente \u00e9 Editor de Conte\u00fado da A\u00e7\u00e3o  PARAMITA e procura pesquisar e realizar Di\u00e1logos sobre Diversidades e  Masculinidades. <\/p>\n\n\n\n<ul class=\"wp-block-gallery columns-0 is-cropped wp-block-gallery-1 is-layout-flex wp-block-gallery-is-layout-flex\" data-amp-lightbox=\"true\" data-amp-carousel=\"true\"><li class=\"blocks-gallery-item\"><figure><img data-recalc-dims=\"1\" fetchpriority=\"high\" decoding=\"async\" width=\"320\" height=\"180\" src=\"https:\/\/i0.wp.com\/www.acaoparamita.com.br\/wp-content\/uploads\/2020\/01\/15-01.jpg?resize=320%2C180\" alt=\"\" data-id=\"1216\" data-link=\"http:\/\/www.acaoparamita.com.br\/?attachment_id=1216\" class=\"wp-image-1216\" srcset=\"https:\/\/i0.wp.com\/acaoparamita.com.br\/wp-content\/uploads\/2020\/01\/15-01.jpg?w=320&amp;ssl=1 320w, https:\/\/i0.wp.com\/acaoparamita.com.br\/wp-content\/uploads\/2020\/01\/15-01.jpg?resize=300%2C169&amp;ssl=1 300w\" sizes=\"(max-width: 320px) 100vw, 320px\" \/><\/figure><\/li><li class=\"blocks-gallery-item\"><figure><img data-recalc-dims=\"1\" decoding=\"async\" width=\"320\" height=\"180\" src=\"https:\/\/i0.wp.com\/www.acaoparamita.com.br\/wp-content\/uploads\/2020\/01\/15-02.jpg?resize=320%2C180\" alt=\"\" data-id=\"1217\" data-link=\"http:\/\/www.acaoparamita.com.br\/?attachment_id=1217\" class=\"wp-image-1217\" srcset=\"https:\/\/i0.wp.com\/acaoparamita.com.br\/wp-content\/uploads\/2020\/01\/15-02.jpg?w=320&amp;ssl=1 320w, https:\/\/i0.wp.com\/acaoparamita.com.br\/wp-content\/uploads\/2020\/01\/15-02.jpg?resize=300%2C169&amp;ssl=1 300w\" sizes=\"(max-width: 320px) 100vw, 320px\" \/><\/figure><\/li><\/ul>","protected":false},"excerpt":{"rendered":"<p>O que as diferentes religi\u00f5es podem fazer para responder aos nossos desafios atuais? Como podemos agir num cen\u00e1rio de intoler\u00e2ncia religiosa, mudan\u00e7as clim\u00e1ticas aceleradas e degrada\u00e7\u00e3o ambiental? O di\u00e1logo inter-religioso e com a Ci\u00eancia moderna \u00e9 poss\u00edvel? Temos um Estado Laico de fato? Mesa Lama Samten, Seu Sandro, Florenza e Cl\u00e1udia Convidados BAB\u00c1 PHIL Babalorix\u00e1\/Pai-de-Santo, [&hellip;]<\/p>\n","protected":false},"author":1,"featured_media":1218,"comment_status":"closed","ping_status":"open","sticky":false,"template":"","format":"standard","meta":{"_themeisle_gutenberg_block_has_review":false,"_jetpack_memberships_contains_paid_content":false,"footnotes":""},"categories":[53],"tags":[],"class_list":["post-1215","post","type-post","status-publish","format-standard","has-post-thumbnail","hentry","category-roda-de-conversa"],"jetpack_featured_media_url":"https:\/\/i0.wp.com\/acaoparamita.com.br\/wp-content\/uploads\/2020\/01\/rc-15.jpg?fit=320%2C320&ssl=1","jetpack_sharing_enabled":true,"_links":{"self":[{"href":"https:\/\/acaoparamita.com.br\/en\/wp-json\/wp\/v2\/posts\/1215","targetHints":{"allow":["GET"]}}],"collection":[{"href":"https:\/\/acaoparamita.com.br\/en\/wp-json\/wp\/v2\/posts"}],"about":[{"href":"https:\/\/acaoparamita.com.br\/en\/wp-json\/wp\/v2\/types\/post"}],"author":[{"embeddable":true,"href":"https:\/\/acaoparamita.com.br\/en\/wp-json\/wp\/v2\/users\/1"}],"replies":[{"embeddable":true,"href":"https:\/\/acaoparamita.com.br\/en\/wp-json\/wp\/v2\/comments?post=1215"}],"version-history":[{"count":1,"href":"https:\/\/acaoparamita.com.br\/en\/wp-json\/wp\/v2\/posts\/1215\/revisions"}],"predecessor-version":[{"id":8215,"href":"https:\/\/acaoparamita.com.br\/en\/wp-json\/wp\/v2\/posts\/1215\/revisions\/8215"}],"wp:featuredmedia":[{"embeddable":true,"href":"https:\/\/acaoparamita.com.br\/en\/wp-json\/wp\/v2\/media\/1218"}],"wp:attachment":[{"href":"https:\/\/acaoparamita.com.br\/en\/wp-json\/wp\/v2\/media?parent=1215"}],"wp:term":[{"taxonomy":"category","embeddable":true,"href":"https:\/\/acaoparamita.com.br\/en\/wp-json\/wp\/v2\/categories?post=1215"},{"taxonomy":"post_tag","embeddable":true,"href":"https:\/\/acaoparamita.com.br\/en\/wp-json\/wp\/v2\/tags?post=1215"}],"curies":[{"name":"wp","href":"https:\/\/api.w.org\/{rel}","templated":true}]}}