{"id":1220,"date":"2019-12-18T05:45:36","date_gmt":"2019-12-18T05:45:36","guid":{"rendered":"http:\/\/www.acaoparamita.com.br\/?p=1220"},"modified":"2023-03-27T08:19:53","modified_gmt":"2023-03-27T11:19:53","slug":"a-agricultura-sintropica-e-as-terras-puras","status":"publish","type":"post","link":"https:\/\/acaoparamita.com.br\/en\/a-agricultura-sintropica-e-as-terras-puras\/","title":{"rendered":"#17 A Agricultura Sintr\u00f3pica e As Terras Puras"},"content":{"rendered":"<p><iframe width=\"100%\" height=\"150\" scrolling=\"no\" frameborder=\"no\" allow=\"autoplay\" src=\"https:\/\/w.soundcloud.com\/player\/?url=https%3A\/\/api.soundcloud.com\/tracks\/740439739%3Fsecret_token%3Ds-zAcCR&#038;color=%23ff5500&#038;auto_play=false&#038;hide_related=false&#038;show_comments=true&#038;show_user=true&#038;show_reposts=false&#038;show_teaser=true&#038;visual=true\"><\/iframe><\/p>\n\n\n\n<h2 class=\"wp-block-heading\">Como o que a gente come e planta tem haver com a pr\u00e1tica? Como  relacionar o Reencantamento da vida com a Agricultura e o movimento de  auto-organiza\u00e7\u00e3o? As Aldeias CEBB s\u00e3o as nossa Terras Puras? <br><\/h2>\n\n\n\n<h3 class=\"wp-block-heading\">Mesa<\/h3>\n\n\n\n<p>Lama Samten, Seu Sandro, Florenza e Cl\u00e1udia<\/p>\n\n\n\n<h3 class=\"wp-block-heading\">Convidados<\/h3>\n\n\n\n<b>MATI <\/b>\n\n\n\n<p>Mateus Raymundo M\u00fcller da Silva \u00e9 morador da Aldeia CEBB Caminho do  Meio, aluno do Lama Samten, ge\u00f3grafo, permacultor, arboricultor e  agricultor florestal sint\u00f3prico <\/p>\n\n\n\n<b>RICARDO PELLEGRINI<\/b>\n\n\n\n<p>Engenheiro Mec\u00e2nico, membro ativo do CEBB Caminho do Meio e dos  Institutos Caminho do Meio RS e Alto Para\u00edso, participa do florescimento  de algumas Aldeias CEBB pelo Brasil. <\/p>\n\n\n\n<b>FERNANDO REBELLO<\/b>\n\n\n\n<p>\nAcompanhando Ernest G\u00f6tsh desde 1994, atuou no Parque Nacional da \nChapada dos Veadeiros, gerido pelo Instituto Chico Mendes\u200a\u2014\u200aICMBio, ao \nqual est\u00e1 vinculado. Fernando tem estabelecido parcerias entre o ICMBio e\n outras organiza\u00e7\u00f5es, como a Agenda Gotsch e o Instituto Caminho do Meio\n em Alto Para\u00edso, onde mora com a fam\u00edlia.\n\n<\/p>\n\n\n\n<b>MATEUS MELLO<\/b>\n\n\n\n<p>\nEng Agr\u00f4nomo, Mestrado em SAF, extensista rural a 19 anos trabalhando \ncom agricultura org\u00e2nica, homeopatia vegetal, agricultura biodin\u00e2mica e \nagricultura sintropica com agricultores, escolas e co. Hortas urbanas. \nAluno do Lama Samten a 15 anos.\n\n<\/p>\n\n\n\n<h3 class=\"wp-block-heading\">Equipe T\u00e9cnica<\/h3>\n\n\n\n<p>Thiago<\/p>\n\n\n\n<ul class=\"wp-block-gallery columns-0 is-cropped wp-block-gallery-1 is-layout-flex wp-block-gallery-is-layout-flex\" data-amp-lightbox=\"true\" data-amp-carousel=\"true\"><li class=\"blocks-gallery-item\"><figure><img data-recalc-dims=\"1\" fetchpriority=\"high\" decoding=\"async\" width=\"320\" height=\"180\" src=\"https:\/\/i0.wp.com\/www.acaoparamita.com.br\/wp-content\/uploads\/2020\/01\/17-01.jpg?resize=320%2C180\" alt=\"\" data-id=\"1221\" data-link=\"http:\/\/www.acaoparamita.com.br\/?attachment_id=1221\" class=\"wp-image-1221\" srcset=\"https:\/\/i0.wp.com\/acaoparamita.com.br\/wp-content\/uploads\/2020\/01\/17-01.jpg?w=320&amp;ssl=1 320w, https:\/\/i0.wp.com\/acaoparamita.com.br\/wp-content\/uploads\/2020\/01\/17-01.jpg?resize=300%2C169&amp;ssl=1 300w\" sizes=\"(max-width: 320px) 100vw, 320px\" \/><\/figure><\/li><\/ul>","protected":false},"excerpt":{"rendered":"<p>Como o que a gente come e planta tem haver com a pr\u00e1tica? Como relacionar o Reencantamento da vida com a Agricultura e o movimento de auto-organiza\u00e7\u00e3o? As Aldeias CEBB s\u00e3o as nossa Terras Puras? Mesa Lama Samten, Seu Sandro, Florenza e Cl\u00e1udia Convidados MATI Mateus Raymundo M\u00fcller da Silva \u00e9 morador da Aldeia CEBB [&hellip;]<\/p>\n","protected":false},"author":1,"featured_media":1222,"comment_status":"closed","ping_status":"open","sticky":false,"template":"","format":"standard","meta":{"_themeisle_gutenberg_block_has_review":false,"_jetpack_memberships_contains_paid_content":false,"footnotes":""},"categories":[53],"tags":[],"class_list":["post-1220","post","type-post","status-publish","format-standard","has-post-thumbnail","hentry","category-roda-de-conversa"],"jetpack_featured_media_url":"https:\/\/i0.wp.com\/acaoparamita.com.br\/wp-content\/uploads\/2020\/01\/rc-17.jpg?fit=320%2C320&ssl=1","jetpack_sharing_enabled":true,"_links":{"self":[{"href":"https:\/\/acaoparamita.com.br\/en\/wp-json\/wp\/v2\/posts\/1220","targetHints":{"allow":["GET"]}}],"collection":[{"href":"https:\/\/acaoparamita.com.br\/en\/wp-json\/wp\/v2\/posts"}],"about":[{"href":"https:\/\/acaoparamita.com.br\/en\/wp-json\/wp\/v2\/types\/post"}],"author":[{"embeddable":true,"href":"https:\/\/acaoparamita.com.br\/en\/wp-json\/wp\/v2\/users\/1"}],"replies":[{"embeddable":true,"href":"https:\/\/acaoparamita.com.br\/en\/wp-json\/wp\/v2\/comments?post=1220"}],"version-history":[{"count":1,"href":"https:\/\/acaoparamita.com.br\/en\/wp-json\/wp\/v2\/posts\/1220\/revisions"}],"predecessor-version":[{"id":8213,"href":"https:\/\/acaoparamita.com.br\/en\/wp-json\/wp\/v2\/posts\/1220\/revisions\/8213"}],"wp:featuredmedia":[{"embeddable":true,"href":"https:\/\/acaoparamita.com.br\/en\/wp-json\/wp\/v2\/media\/1222"}],"wp:attachment":[{"href":"https:\/\/acaoparamita.com.br\/en\/wp-json\/wp\/v2\/media?parent=1220"}],"wp:term":[{"taxonomy":"category","embeddable":true,"href":"https:\/\/acaoparamita.com.br\/en\/wp-json\/wp\/v2\/categories?post=1220"},{"taxonomy":"post_tag","embeddable":true,"href":"https:\/\/acaoparamita.com.br\/en\/wp-json\/wp\/v2\/tags?post=1220"}],"curies":[{"name":"wp","href":"https:\/\/api.w.org\/{rel}","templated":true}]}}