{"id":1232,"date":"2019-11-28T06:06:47","date_gmt":"2019-11-28T06:06:47","guid":{"rendered":"http:\/\/www.acaoparamita.com.br\/?p=1232"},"modified":"2023-03-27T08:20:04","modified_gmt":"2023-03-27T11:20:04","slug":"arte-expressao-do-darma","status":"publish","type":"post","link":"https:\/\/acaoparamita.com.br\/en\/arte-expressao-do-darma\/","title":{"rendered":"#10 Arte: Express\u00e3o do Darma"},"content":{"rendered":"<p><iframe width=\"100%\" height=\"150\" scrolling=\"no\" frameborder=\"no\" allow=\"autoplay\" src=\"https:\/\/w.soundcloud.com\/player\/?url=https%3A\/\/api.soundcloud.com\/tracks\/740384086%3Fsecret_token%3Ds-HpPde&#038;color=%23ff5500&#038;auto_play=false&#038;hide_related=false&#038;show_comments=true&#038;show_user=true&#038;show_reposts=false&#038;show_teaser=true&#038;visual=true\"><\/iframe><\/p>\n\n\n\n<h2 class=\"wp-block-heading\">Viver \u00e9 uma Arte? At\u00e9 que ponto a Arte e o Darma dialogam? A M\u00fasica pode ser uma prote\u00e7\u00e3o da mente assim como os Mantras? <\/h2>\n\n\n\n<h3 class=\"wp-block-heading\">Mesa<\/h3>\n\n\n\n<p>Lama Samten, Seu Sandro, Florenza e Cl\u00e1udia<\/p>\n\n\n\n<h3 class=\"wp-block-heading\">Convidados<\/h3>\n\n\n\n<b>MARCO BINATTI<\/b>\n\n\n\n<p> Fil\u00f3sofo  pela FAFIMC \u00e9 educador brincante na pr\u00e9-escola desde 1997. Cordelista e  professor de m\u00fasica autodidata, ex-integrante dos Grupo Serrote Preto  [POA] e Os At\u00e1vicos, autor do CD autoral &#8220;Viam\u00e3o Lotado&#8221; [2018].  Participou do Grupo de Teatro de Rua Viandantes [hoje, Espa\u00e7o  Viandantes] em Viam\u00e3o, \u00e9 artista de rua com seu show de serrote e cordel.<\/p>\n\n\n\n<b>AUGUSTO ANDR\u00c9<\/b>\n\n\n\n<p> Morador  da Aldeia CEBB Caminho do Meio, Augusto Andr\u00e9, vulgo Guto Sol, \u00e9  compositor desde os 8 anos de idade, integrante e fundador do projeto  CuraSom, atualmente Bando CuraSom. Praticante e estudante de  musicoterapia com instrumentos ancestrais. Tocador de Didgeridoo,  Cantor, violeiro e pianista. Autodidata musical. <\/p>\n\n\n\n<h3 class=\"wp-block-heading\">Equipe T\u00e9cnica<\/h3>\n\n\n\n<p>Andr\u00e9<\/p>\n\n\n\n<ul class=\"wp-block-gallery columns-0 is-cropped wp-block-gallery-1 is-layout-flex wp-block-gallery-is-layout-flex\" data-amp-lightbox=\"true\" data-amp-carousel=\"true\"><li class=\"blocks-gallery-item\"><figure><img data-recalc-dims=\"1\" fetchpriority=\"high\" decoding=\"async\" width=\"320\" height=\"240\" src=\"https:\/\/i0.wp.com\/www.acaoparamita.com.br\/wp-content\/uploads\/2020\/01\/10-01.jpg?resize=320%2C240\" alt=\"\" data-id=\"1233\" data-link=\"http:\/\/www.acaoparamita.com.br\/?attachment_id=1233\" class=\"wp-image-1233\" srcset=\"https:\/\/i0.wp.com\/acaoparamita.com.br\/wp-content\/uploads\/2020\/01\/10-01.jpg?w=320&amp;ssl=1 320w, https:\/\/i0.wp.com\/acaoparamita.com.br\/wp-content\/uploads\/2020\/01\/10-01.jpg?resize=300%2C225&amp;ssl=1 300w\" sizes=\"(max-width: 320px) 100vw, 320px\" \/><\/figure><\/li><li class=\"blocks-gallery-item\"><figure><img data-recalc-dims=\"1\" decoding=\"async\" width=\"320\" height=\"240\" src=\"https:\/\/i0.wp.com\/www.acaoparamita.com.br\/wp-content\/uploads\/2020\/01\/10-02.jpg?resize=320%2C240\" alt=\"\" data-id=\"1234\" data-link=\"http:\/\/www.acaoparamita.com.br\/?attachment_id=1234\" class=\"wp-image-1234\" srcset=\"https:\/\/i0.wp.com\/acaoparamita.com.br\/wp-content\/uploads\/2020\/01\/10-02.jpg?w=320&amp;ssl=1 320w, https:\/\/i0.wp.com\/acaoparamita.com.br\/wp-content\/uploads\/2020\/01\/10-02.jpg?resize=300%2C225&amp;ssl=1 300w\" sizes=\"(max-width: 320px) 100vw, 320px\" \/><\/figure><\/li><li class=\"blocks-gallery-item\"><figure><img data-recalc-dims=\"1\" decoding=\"async\" width=\"320\" height=\"240\" src=\"https:\/\/i0.wp.com\/www.acaoparamita.com.br\/wp-content\/uploads\/2020\/01\/10-03.jpg?resize=320%2C240\" alt=\"\" data-id=\"1235\" data-link=\"http:\/\/www.acaoparamita.com.br\/?attachment_id=1235\" class=\"wp-image-1235\" srcset=\"https:\/\/i0.wp.com\/acaoparamita.com.br\/wp-content\/uploads\/2020\/01\/10-03.jpg?w=320&amp;ssl=1 320w, https:\/\/i0.wp.com\/acaoparamita.com.br\/wp-content\/uploads\/2020\/01\/10-03.jpg?resize=300%2C225&amp;ssl=1 300w\" sizes=\"(max-width: 320px) 100vw, 320px\" \/><\/figure><\/li><\/ul>\n","protected":false},"excerpt":{"rendered":"<p>Viver \u00e9 uma Arte? At\u00e9 que ponto a Arte e o Darma dialogam? A M\u00fasica pode ser uma prote\u00e7\u00e3o da mente assim como os Mantras? Mesa Lama Samten, Seu Sandro, Florenza e Cl\u00e1udia Convidados MARCO BINATTI Fil\u00f3sofo pela FAFIMC \u00e9 educador brincante na pr\u00e9-escola desde 1997. Cordelista e professor de m\u00fasica autodidata, ex-integrante dos Grupo [&hellip;]<\/p>\n","protected":false},"author":1,"featured_media":1236,"comment_status":"closed","ping_status":"open","sticky":false,"template":"","format":"standard","meta":{"_themeisle_gutenberg_block_has_review":false,"_jetpack_memberships_contains_paid_content":false,"footnotes":""},"categories":[53],"tags":[],"class_list":["post-1232","post","type-post","status-publish","format-standard","has-post-thumbnail","hentry","category-roda-de-conversa"],"jetpack_featured_media_url":"https:\/\/i0.wp.com\/acaoparamita.com.br\/wp-content\/uploads\/2020\/01\/rc-10.jpg?fit=320%2C320&ssl=1","jetpack_sharing_enabled":true,"_links":{"self":[{"href":"https:\/\/acaoparamita.com.br\/en\/wp-json\/wp\/v2\/posts\/1232","targetHints":{"allow":["GET"]}}],"collection":[{"href":"https:\/\/acaoparamita.com.br\/en\/wp-json\/wp\/v2\/posts"}],"about":[{"href":"https:\/\/acaoparamita.com.br\/en\/wp-json\/wp\/v2\/types\/post"}],"author":[{"embeddable":true,"href":"https:\/\/acaoparamita.com.br\/en\/wp-json\/wp\/v2\/users\/1"}],"replies":[{"embeddable":true,"href":"https:\/\/acaoparamita.com.br\/en\/wp-json\/wp\/v2\/comments?post=1232"}],"version-history":[{"count":1,"href":"https:\/\/acaoparamita.com.br\/en\/wp-json\/wp\/v2\/posts\/1232\/revisions"}],"predecessor-version":[{"id":8227,"href":"https:\/\/acaoparamita.com.br\/en\/wp-json\/wp\/v2\/posts\/1232\/revisions\/8227"}],"wp:featuredmedia":[{"embeddable":true,"href":"https:\/\/acaoparamita.com.br\/en\/wp-json\/wp\/v2\/media\/1236"}],"wp:attachment":[{"href":"https:\/\/acaoparamita.com.br\/en\/wp-json\/wp\/v2\/media?parent=1232"}],"wp:term":[{"taxonomy":"category","embeddable":true,"href":"https:\/\/acaoparamita.com.br\/en\/wp-json\/wp\/v2\/categories?post=1232"},{"taxonomy":"post_tag","embeddable":true,"href":"https:\/\/acaoparamita.com.br\/en\/wp-json\/wp\/v2\/tags?post=1232"}],"curies":[{"name":"wp","href":"https:\/\/api.w.org\/{rel}","templated":true}]}}