{"id":1398,"date":"2020-01-31T17:17:02","date_gmt":"2020-01-31T17:17:02","guid":{"rendered":"http:\/\/www.acaoparamita.com.br\/?p=1398"},"modified":"2023-03-27T08:19:43","modified_gmt":"2023-03-27T11:19:43","slug":"coronavirus-principais-sintomas-e-cuidados","status":"publish","type":"post","link":"https:\/\/acaoparamita.com.br\/en\/coronavirus-principais-sintomas-e-cuidados\/","title":{"rendered":"Coronav\u00edrus: principais sintomas e cuidados"},"content":{"rendered":"<p style=\"text-align:right\"><\/p>\n\n\n<div>Foi atrav\u00e9s de um &#8220;surto de pneumonia&#8221; com causas desconhecidas que o novo v\u00edrus foi identificado. <strong>Centenas de casos j\u00e1 foram detectados na China<\/strong> e novas informa\u00e7\u00f5es de pessoas infectadas por <strong>coronav\u00edrus come\u00e7am a surgir no Brasil<\/strong> e no mundo todo. Reunimos as informa\u00e7\u00f5es divulgadas pelos \u00f3rg\u00e3os p\u00fablicos para ajudar voc\u00ea a entender o que est\u00e1 acontecendo e se prevenir.<\/div>\n<div>\u00a0<\/div>\n<ul>\n<li>O que \u00e9 o coronav\u00edrus?<\/li>\n<li>Qual a origem do v\u00edrus?<\/li>\n<li>Quais os principais cuidados para evitar o coronav\u00edrus?<\/li>\n<li>H\u00e1 risco de infec\u00e7\u00e3o via animais com o coronav\u00edrus?<\/li>\n<\/ul>\n<p>E fique de olho: a <u><a href=\"https:\/\/www.who.int\/emergencies\/diseases\/novel-coronavirus-2019\" target=\"_blank\" rel=\"noopener noreferrer\">Organiza\u00e7\u00e3o Mundial da Sa\u00fade (OMS)<\/a><\/u> e a <a href=\"https:\/\/infectologia.org.br\/\" target=\"_blank\" rel=\"noopener noreferrer\">Sociedade Brasileira de Infectologia (SBI)<\/a> est\u00e3o lan\u00e7ando boletins regularmente com as \u00faltimas not\u00edcias. O Minist\u00e9rio da Sa\u00fade tamb\u00e9m divulgou um site com todas as informa\u00e7\u00f5es e voc\u00ea pode conferir o conte\u00fado. Acesse <a href=\"https:\/\/saude.gov.br\/saude-de-a-z\/novocoronavirus\" target=\"_blank\" rel=\"noopener noreferrer\"><u>saude.gov.br\/novo-coronavirus<\/u><\/a><\/p>\n<div>\u00a0<\/div>\n<h4>Afinal, o que \u00e9 o coronav\u00edrus? Quais s\u00e3o os principais sintomas?<\/h4>\n<p><img data-recalc-dims=\"1\" fetchpriority=\"high\" decoding=\"async\" class=\"aligncenter size-full wp-image-1400\" src=\"https:\/\/i0.wp.com\/www.acaoparamita.com.br\/wp-content\/uploads\/2020\/02\/medica-virus.jpg?resize=674%2C300\" alt=\"\" width=\"674\" height=\"300\" srcset=\"https:\/\/i0.wp.com\/acaoparamita.com.br\/wp-content\/uploads\/2020\/02\/medica-virus.jpg?w=674&amp;ssl=1 674w, https:\/\/i0.wp.com\/acaoparamita.com.br\/wp-content\/uploads\/2020\/02\/medica-virus.jpg?resize=600%2C267&amp;ssl=1 600w, https:\/\/i0.wp.com\/acaoparamita.com.br\/wp-content\/uploads\/2020\/02\/medica-virus.jpg?resize=300%2C134&amp;ssl=1 300w\" sizes=\"(max-width: 674px) 100vw, 674px\" \/><\/p>\n<div>Segundo <u><a href=\"https:\/\/www.infectologia.org.br\/admin\/zcloud\/125\/2020\/01\/d9687e75fdb101dbc4016ae5614ba07c1e5f48d8695dddfc2dd794adbbcab65b.pdf?fbclid=IwAR1WZ3b6zQ_c7gPbFowULrDknHoX8PTCStaHoa9QtUrE0CVTII4xTQwzdgE\" target=\"_blank\" rel=\"noopener noreferrer\">informe da Sociedade Brasileira de Infectologia<\/a><\/u>, o coronav\u00edrus j\u00e1 existe desde meados de 1960. Ele, na verdade, faz parte de uma grande fam\u00edlia de v\u00edrus que podem causar desde resfriados \u2013 que podem passar despercebidos pelo corpo \u2013 at\u00e9 mesmo s\u00edndromes respirat\u00f3rias mais graves que precisam de um acompanhamento m\u00e9dico mais intenso.\u00a0<\/div>\n<div>\u00a0<\/div>\n<div>O que est\u00e1 alarmando atualmente toda a comunidade mundial <strong>\u00e9 uma nova varia\u00e7\u00e3o desse v\u00edrus<\/strong>, denominado cientificamente e chamado de 2019-nCoV. Essa diferencia\u00e7\u00e3o torna essa patologia perigosa para humanos, causando surtos como o que estamos presenciando atualmente.<\/div>\n<div>\u00a0<\/div>\n<div>Os casos suspeitos est\u00e3o sendo aqueles que apresentam febres acompanhadas de problemas respirat\u00f3rios. Al\u00e9m disso, precisam se enquadrar dentro de uma das seguintes situa\u00e7\u00f5es:\u00a0<\/div>\n<div>\u00a0<\/div>\n<ul>\n<li>Ter viajado dentro dos \u00faltimos 14 dias para a cidade de Wuhan<\/li>\n<li>Ou ter mantido contato pr\u00f3ximo com quem esteve recentemente em Wuhan<\/li>\n<\/ul>\n<div>\u00a0<\/div>\n<div>\u00c9 importante salientar que <strong>uma pessoa contaminada pelo coronav\u00edrus pode apresentar sintomas variados<\/strong>, desde infec\u00e7\u00f5es em vias a\u00e9reas superiores bem parecidas com um resfriado comum ou at\u00e9 casos de pneumonia ou insufici\u00eancias respirat\u00f3rias agudas. Por se tratar de uma doen\u00e7a nova, quaisquer ind\u00edcios de dificuldades respirat\u00f3rias merecem aten\u00e7\u00e3o especial.<\/div>\n<div>\u00a0<\/div>\n<h4>Qual a origem do coronav\u00edrus? Ele j\u00e1 tem uma cura?\u00a0<\/h4>\n<div>N\u00e3o existe <strong>confirma\u00e7\u00e3o concreta de qual foi a principal porta de entrada do v\u00edrus<\/strong> na sociedade. Entretanto, a <u><a href=\"https:\/\/news.un.org\/pt\/story\/2020\/01\/1702002\" target=\"_blank\" rel=\"noopener noreferrer\">Organiza\u00e7\u00e3o Mundial da Sa\u00fade<\/a><\/u> indicou que os primeiros <strong>casos da doen\u00e7a surgiram na cidade de Wuhan<\/strong>, localizada na China Central. Essa \u00e9 uma cidade comercial, dividida por rios, e possui muitos parques e lagos. Consequentemente, isso faz com que pesquisadores acreditem que a fonte prim\u00e1ria do novo coronav\u00edrus esteja no mercado de frutos do mar da cidade ou que tenha se espalhado atrav\u00e9s de animais.<\/div>\n<div>\u00a0<\/div>\n<div>Outros casos de coronav\u00edrus tamb\u00e9m foram identificados nos seguintes pa\u00edses: Jap\u00e3o, Tail\u00e2ndia, Coreia do Sul, Vietn\u00e3, Ar\u00e1bia Saudita, Estados Unidos da Am\u00e9rica e Brasil. Todos os pacientes que apresentaram os sintomas t\u00eam um mesmo fator em comum: visitaram recentemente Wuhan.<\/div>\n<div>\u00a0<\/div>\n<h4>Coronav\u00edrus felino e em c\u00e3es: como ficar atento aos animais?\u00a0<\/h4>\n<div>O coronav\u00edrus pode ser transmitido entre humanos e atrav\u00e9s de animais. O <u><a href=\"https:\/\/www.infectologia.org.br\/admin\/zcloud\/125\/2020\/01\/d9687e75fdb101dbc4016ae5614ba07c1e5f48d8695dddfc2dd794adbbcab65b.pdf?fbclid=IwAR1WZ3b6zQ_c7gPbFowULrDknHoX8PTCStaHoa9QtUrE0CVTII4xTQwzdgE\" target=\"_blank\" rel=\"noopener noreferrer\">informe da Sociedade Brasileira de Infectologia<\/a><\/u> contou que as \u00faltimas atualiza\u00e7\u00f5es sobre a doen\u00e7a buscaram respostas em varia\u00e7\u00f5es de v\u00edrus da mesma fam\u00edlia, como o SARS-CoV (um dos causadores de s\u00edndromes respirat\u00f3rias graves) e o MERS-CoV (causador de s\u00edndrome respirat\u00f3ria no Oriente M\u00e9dio). O primeiro, seu principal transmissor foram gatos selvagens; e o segundo, a dissemina\u00e7\u00e3o aconteceu atrav\u00e9s de dromed\u00e1rios.<\/div>\n<div>\u00a0<\/div>\n<div>O que est\u00e1 ainda em estudo \u00e9 buscar <strong>entender os fatores determinantes para a transmiss\u00e3o<\/strong> entre animais. Ou seja, se a transmiss\u00e3o da infec\u00e7\u00e3o est\u00e1 ligada ao contato direto entre esp\u00e9cies intimamente relacionadas como morcegos, aves, porcos, felinos, c\u00e3es, roedores e macacos.\u00a0<\/div>\n<div>\u00a0<\/div>\n<h4>Cuidados para reduzir o risco de infec\u00e7\u00e3o por coronav\u00edrus<\/h4>\n<p><img data-recalc-dims=\"1\" decoding=\"async\" class=\"aligncenter size-full wp-image-1401\" src=\"https:\/\/i0.wp.com\/www.acaoparamita.com.br\/wp-content\/uploads\/2020\/02\/lavar-as-maos.jpg?resize=674%2C300\" alt=\"\" width=\"674\" height=\"300\" srcset=\"https:\/\/i0.wp.com\/acaoparamita.com.br\/wp-content\/uploads\/2020\/02\/lavar-as-maos.jpg?w=674&amp;ssl=1 674w, https:\/\/i0.wp.com\/acaoparamita.com.br\/wp-content\/uploads\/2020\/02\/lavar-as-maos.jpg?resize=600%2C267&amp;ssl=1 600w, https:\/\/i0.wp.com\/acaoparamita.com.br\/wp-content\/uploads\/2020\/02\/lavar-as-maos.jpg?resize=300%2C134&amp;ssl=1 300w\" sizes=\"(max-width: 674px) 100vw, 674px\" \/><\/p>\n<div>\n<div>Como essa \u00e9 uma infec\u00e7\u00e3o que afeta o sistema respirat\u00f3rio, <strong>alguns cuidados com as vias a\u00e9reas s\u00e3o necess\u00e1rios<\/strong> para se manter longe de qualquer possibilidade de <strong>transmiss\u00e3o do coronav\u00edrus<\/strong>. Ainda n\u00e3o existe nenhuma vacina ou antibi\u00f3tico que previna a infec\u00e7\u00e3o por 2019-nCoV, contudo, testes e estudos j\u00e1 est\u00e3o sendo realizados em busca da cura.<\/div>\n<div>\u00a0<\/div>\n<div>The <u><a href=\"http:\/\/saude.gov.br\/noticias\/agencia-saude\/46234-brasil-orienta-evitar-viagens-a-china\" target=\"_blank\" rel=\"noopener noreferrer\">Minist\u00e9rio da Sa\u00fade (MS)<\/a><\/u> recomendou evitar viagens \u00e0 China como forma de prevenir contamina\u00e7\u00f5es. No entanto, as precau\u00e7\u00f5es de cont\u00e1gio s\u00e3o importantes para evitar a propaga\u00e7\u00e3o de doen\u00e7as infecciosas de qualquer etiologia, inclusive a desse novo v\u00edrus.\u00a0<\/div>\n<div>\u00a0<\/div>\n<div>Fique atento aos seguintes cuidados:<\/div>\n<div>\u00a0<\/div>\n<ul>\n<li>Evitar contato pr\u00f3ximo com pessoas doentes e que tenham infec\u00e7\u00e3o respirat\u00f3ria aguda<\/li>\n<li>Lavar as m\u00e3os frequentemente com \u00e1gua e sab\u00e3o por pelo menos 20 segundos. Se n\u00e3o houver \u00e1gua e sab\u00e3o, usar um antiss\u00e9ptico para as m\u00e3os \u00e0 base de \u00e1lcool em gel, principalmente, ap\u00f3s contato direto com pessoas doentes e antes de se alimentar<\/li>\n<li>Usar len\u00e7os descart\u00e1veis para higiene nasal (nada de lencinhos de pano!)<\/li>\n<li>Cobrir nariz e boca sempre que for espirrar ou tossir com um len\u00e7o de papel e descartar no lixo<\/li>\n<li>Higienizar as m\u00e3os sempre depois que tossir ou espirrar<\/li>\n<li>Evitar tocar em olhos, nariz e boca com as m\u00e3os n\u00e3o higienizadas<\/li>\n<li>Manter ambientes muito bem ventilados<\/li>\n<li>N\u00e3o compartilhar objetos de uso pessoal como copos, garrafas e talheres<\/li>\n<li>Limpar e desinfetar objetos e superf\u00edcies tocados com frequ\u00eancia<\/li>\n<li>Evitar contato com animais selvagens ou doentes<\/li>\n<\/ul>\n<div>\u00a0<\/div>\n<div>Esses s\u00e3o h\u00e1bitos di\u00e1rios que podem ajudar a impedir a propaga\u00e7\u00e3o de v\u00e1rias doen\u00e7as, inclusive essa nova infec\u00e7\u00e3o viral.<\/div>\n<div>\u00a0<\/div>\n<div>N\u00e3o existe um per\u00edodo de incuba\u00e7\u00e3o exata para quem contrair a doen\u00e7a atualmente. Os \u00faltimos casos confirmados no Brasil est\u00e3o recebendo isolamento dentro das unidades de sa\u00fade, mas presume-se que o tempo de exposi\u00e7\u00e3o ao coronav\u00edrus e o in\u00edcio dos sintomas ocorra no per\u00edodo de at\u00e9 duas semanas.<\/div>\n<\/div>\n<p>\u00a0<\/p>\n<p style=\"text-align: right;\">( Texto: Ag\u00eancia Babushka | Edi\u00e7\u00e3o e Revis\u00e3o: Unimed do Brasil<br data-rich-text-line-break=\"true\" \/>Fonte: Minist\u00e9rio da Sa\u00fade e Sociedade Brasileira de Infectologia)<\/p>\n<p>FONTE: <a href=\"https:\/\/www.unimed.coop.br\/viver-bem\/saude-em-pauta\/coronavirus-principais-sintomas-e-cuidados\">UNIMED<\/a><\/p>\n\n\n<p><\/p>","protected":false},"excerpt":{"rendered":"<p>Foi atrav\u00e9s de um &#8220;surto de pneumonia&#8221; com causas desconhecidas que o novo v\u00edrus foi identificado. Centenas de casos j\u00e1 foram detectados na China e novas informa\u00e7\u00f5es de pessoas infectadas por coronav\u00edrus come\u00e7am a surgir no Brasil e no mundo todo. Reunimos as informa\u00e7\u00f5es divulgadas pelos \u00f3rg\u00e3os p\u00fablicos para ajudar voc\u00ea a entender o que [&hellip;]<\/p>\n","protected":false},"author":1,"featured_media":1399,"comment_status":"closed","ping_status":"open","sticky":false,"template":"","format":"standard","meta":{"_themeisle_gutenberg_block_has_review":false,"_jetpack_memberships_contains_paid_content":false,"footnotes":""},"categories":[26,54],"tags":[],"class_list":["post-1398","post","type-post","status-publish","format-standard","has-post-thumbnail","hentry","category-featured","category-saude-equilibrio"],"jetpack_featured_media_url":"https:\/\/i0.wp.com\/acaoparamita.com.br\/wp-content\/uploads\/2020\/02\/moca-medica.jpg?fit=500%2C500&ssl=1","jetpack_sharing_enabled":true,"_links":{"self":[{"href":"https:\/\/acaoparamita.com.br\/en\/wp-json\/wp\/v2\/posts\/1398","targetHints":{"allow":["GET"]}}],"collection":[{"href":"https:\/\/acaoparamita.com.br\/en\/wp-json\/wp\/v2\/posts"}],"about":[{"href":"https:\/\/acaoparamita.com.br\/en\/wp-json\/wp\/v2\/types\/post"}],"author":[{"embeddable":true,"href":"https:\/\/acaoparamita.com.br\/en\/wp-json\/wp\/v2\/users\/1"}],"replies":[{"embeddable":true,"href":"https:\/\/acaoparamita.com.br\/en\/wp-json\/wp\/v2\/comments?post=1398"}],"version-history":[{"count":1,"href":"https:\/\/acaoparamita.com.br\/en\/wp-json\/wp\/v2\/posts\/1398\/revisions"}],"predecessor-version":[{"id":8187,"href":"https:\/\/acaoparamita.com.br\/en\/wp-json\/wp\/v2\/posts\/1398\/revisions\/8187"}],"wp:featuredmedia":[{"embeddable":true,"href":"https:\/\/acaoparamita.com.br\/en\/wp-json\/wp\/v2\/media\/1399"}],"wp:attachment":[{"href":"https:\/\/acaoparamita.com.br\/en\/wp-json\/wp\/v2\/media?parent=1398"}],"wp:term":[{"taxonomy":"category","embeddable":true,"href":"https:\/\/acaoparamita.com.br\/en\/wp-json\/wp\/v2\/categories?post=1398"},{"taxonomy":"post_tag","embeddable":true,"href":"https:\/\/acaoparamita.com.br\/en\/wp-json\/wp\/v2\/tags?post=1398"}],"curies":[{"name":"wp","href":"https:\/\/api.w.org\/{rel}","templated":true}]}}