{"id":1495,"date":"2020-02-18T18:15:23","date_gmt":"2020-02-18T18:15:23","guid":{"rendered":"http:\/\/www.acaoparamita.com.br\/?p=1495"},"modified":"2023-03-27T08:19:34","modified_gmt":"2023-03-27T11:19:34","slug":"28-arte-e-acao-no-mundo","status":"publish","type":"post","link":"https:\/\/acaoparamita.com.br\/en\/28-arte-e-acao-no-mundo\/","title":{"rendered":"#28 Arte e A\u00e7\u00e3o no Mundo"},"content":{"rendered":"<p><iframe width=\"100%\" height=\"150\" scrolling=\"no\" frameborder=\"no\" allow=\"autoplay\" src=\"https:\/\/w.soundcloud.com\/player\/?url=https%3A\/\/api.soundcloud.com\/tracks\/764416819%3Fsecret_token%3Ds-reXpH&#038;color=%23ff5500&#038;auto_play=false&#038;hide_related=false&#038;show_comments=true&#038;show_user=true&#038;show_reposts=false&#038;show_teaser=true&#038;visual=true\"><\/iframe><\/p>\n\n\n\n<h2 class=\"wp-block-heading\">Qual  a import\u00e2ncia da ARTE no Reencantamento da Vida e na constru\u00e7\u00e3o de um  novo tecido social e econ\u00f4mico? Como se d\u00e1 a auto organiza\u00e7\u00e3o nas  diferentes situa\u00e7\u00f5es? Como a Arte pode se integrar aos processos  educativos de crian\u00e7as e adultos? <\/h2>\n\n\n\n<h3 class=\"wp-block-heading\">Convidados<\/h3>\n\n\n\n<p> ? <strong>VANESSA Francisco<\/strong><br>  Paulista, pedagoga, dan\u00e7arina e educadora da educa\u00e7\u00e3o infantil e ensino  fundamental. Coordenadora pedag\u00f3gica da Escola Caminho do Meio e  integrante do grupo Toque de Comadre e aluna do Lama Samten h\u00e1 15 anos.<\/p>\n\n\n\n<p> ? <strong>NILTAMARA DE ABREU GOMES<\/strong><br>  De Viam\u00e3o\/RS, \u00e9 educadora f\u00edsica e pedagoga. Atualmente se dedica \u00e0s  Artes C\u00eanicas e faz parte do coletivo do Espa\u00e7o de Artes Viandantes,  onde desenvolve o estudo em teatro de objetos &#8211; Novo Olhar, Caixinha  Lambe-lambe, teatro de formas animadas e mosaico. Trabalhou na rede  Estadual de Ensino, participando de projetos culturais escolares)<\/p>\n\n\n\n<p> ? <strong>AMANDA SENNA<\/strong><br>  Pernambucana,pesquisadora e brincante da cultura popular brasileira e  da cultura da inf\u00e2ncia. \u00c9 artista pl\u00e1stica e p\u00f3s graduanda em Arte  Terapia. Educadora Brincante pelo Instituto Brincantes em SP. Trabalha a  7 anos na Escola Caminho do Meio.Integrante do Grupo Toque de Comadre e  da Cia Luzerim<\/p>\n\n\n\n<p> ? <strong>RODRIGO DA ROSA APOLIN\u00c1RIO<\/strong><br>  De Tramanda\u00ed residente em Porto Alegre, bi\u00f3logo, m\u00fasico e compositor.  Arte-educador em projetos s\u00f3cio-culturais, atualmente comp\u00f5e trilhas  para teatro e can\u00e7\u00f5es infantis. Volunt\u00e1rio de orienta\u00e7\u00e3o musical na  Escola Caminho do Meio, participou da pe\u00e7a BR-Trans e do Grupo M\u00da<\/p>\n\n\n\n<p> ? <strong>GABRIELA PIMENTEL DERROSSI<\/strong><br>  (M\u00e3e, doula, guardi\u00e3 do nascimento da nova humanidade, instrutora de  tantra yoga com especializa\u00e7\u00e3o para gestantes, facilitadora de oficinas  de ginecologia natural, terapeuta xam\u00e3nica, co-criadora da AFLORA  Biocosm\u00e9ticos.)<\/p>\n\n\n\n<p> ? <strong>EMILIANO MALDONADO<\/strong><br>  (Advogado, membro da RENAP &#8211; Rede Nacional de Advogados e Advogadas  Populares e do Instituto de Pesquisa, Direitos e Movimentos Sociais.  Comp\u00f5e o coletivo de Direitos Humanos da Via Campesina. Doutor em  Direito, Pol\u00edtica e Sociedade pela UFSC.)<\/p>\n\n\n\n<p> ?? <strong>TAIN\u00c1 MACHADO CUNHA<\/strong><br>  (Mulher, m\u00e3e, designer de cosm\u00e9ticos naturais, aromaterapeuta e doula.  Criadora da RAIZ N\u00d4MADE Fitocosm\u00e9ticos e Aromater\u00e1picos.)<\/p>","protected":false},"excerpt":{"rendered":"<p>Qual a import\u00e2ncia da ARTE no Reencantamento da Vida e na constru\u00e7\u00e3o de um novo tecido social e econ\u00f4mico? Como se d\u00e1 a auto organiza\u00e7\u00e3o nas diferentes situa\u00e7\u00f5es? Como a Arte pode se integrar aos processos educativos de crian\u00e7as e adultos? Convidados ? VANESSA Francisco Paulista, pedagoga, dan\u00e7arina e educadora da educa\u00e7\u00e3o infantil e ensino [&hellip;]<\/p>\n","protected":false},"author":1,"featured_media":1497,"comment_status":"closed","ping_status":"open","sticky":false,"template":"","format":"standard","meta":{"_themeisle_gutenberg_block_has_review":false,"_jetpack_memberships_contains_paid_content":false,"footnotes":""},"categories":[53],"tags":[],"class_list":["post-1495","post","type-post","status-publish","format-standard","has-post-thumbnail","hentry","category-roda-de-conversa"],"jetpack_featured_media_url":"","jetpack_sharing_enabled":true,"_links":{"self":[{"href":"https:\/\/acaoparamita.com.br\/en\/wp-json\/wp\/v2\/posts\/1495","targetHints":{"allow":["GET"]}}],"collection":[{"href":"https:\/\/acaoparamita.com.br\/en\/wp-json\/wp\/v2\/posts"}],"about":[{"href":"https:\/\/acaoparamita.com.br\/en\/wp-json\/wp\/v2\/types\/post"}],"author":[{"embeddable":true,"href":"https:\/\/acaoparamita.com.br\/en\/wp-json\/wp\/v2\/users\/1"}],"replies":[{"embeddable":true,"href":"https:\/\/acaoparamita.com.br\/en\/wp-json\/wp\/v2\/comments?post=1495"}],"version-history":[{"count":1,"href":"https:\/\/acaoparamita.com.br\/en\/wp-json\/wp\/v2\/posts\/1495\/revisions"}],"predecessor-version":[{"id":8181,"href":"https:\/\/acaoparamita.com.br\/en\/wp-json\/wp\/v2\/posts\/1495\/revisions\/8181"}],"wp:featuredmedia":[{"embeddable":true,"href":"https:\/\/acaoparamita.com.br\/en\/wp-json\/"}],"wp:attachment":[{"href":"https:\/\/acaoparamita.com.br\/en\/wp-json\/wp\/v2\/media?parent=1495"}],"wp:term":[{"taxonomy":"category","embeddable":true,"href":"https:\/\/acaoparamita.com.br\/en\/wp-json\/wp\/v2\/categories?post=1495"},{"taxonomy":"post_tag","embeddable":true,"href":"https:\/\/acaoparamita.com.br\/en\/wp-json\/wp\/v2\/tags?post=1495"}],"curies":[{"name":"wp","href":"https:\/\/api.w.org\/{rel}","templated":true}]}}