{"id":17766,"date":"2025-01-04T15:14:53","date_gmt":"2025-01-04T18:14:53","guid":{"rendered":"https:\/\/acaoparamita.com.br\/?p=17766"},"modified":"2026-01-07T09:16:45","modified_gmt":"2026-01-07T12:16:45","slug":"meditando-com-lama-samten","status":"publish","type":"post","link":"https:\/\/acaoparamita.com.br\/en\/meditando-com-lama-samten\/","title":{"rendered":"Meditando com Lama Samten"},"content":{"rendered":"<div data-elementor-type=\"wp-post\" data-elementor-id=\"17766\" class=\"elementor elementor-17766\" data-elementor-post-type=\"post\">\n\t\t\t\t<div class=\"elementor-element elementor-element-7250135 e-flex e-con-boxed e-con e-parent\" data-id=\"7250135\" data-element_type=\"container\" data-e-type=\"container\">\n\t\t\t\t\t<div class=\"e-con-inner\">\n\t\t\t\t<div class=\"elementor-element elementor-element-248db47 elementor-widget elementor-widget-html\" data-id=\"248db47\" data-element_type=\"widget\" data-e-type=\"widget\" data-widget_type=\"html.default\">\n\t\t\t\t<div class=\"elementor-widget-container\">\n\t\t\t\t\t<!DOCTYPE html>\r\n<html lang=\"pt-BR\">\r\n<head>\r\n    <meta charset=\"UTF-8\">\r\n    <meta name=\"viewport\" content=\"width=device-width, initial-scale=1.0\">\r\n    <title>Meditando com Lama Padma Samten<\/title>\r\n    <style>\r\n        body {\r\n            font-family: Arial, sans-serif;\r\n            line-height: 1.6;\r\n            margin: 0;\r\n            padding: 0;\r\n            background-color: #f4f4f4;\r\n        }\r\n        header {\r\n            color: #333;\r\n            padding: 1rem 0;\r\n            text-align: center;\r\n            background: none;\r\n        }\r\n        .container {\r\n            width: 90%;\r\n            max-width: 800px;\r\n            margin: auto;\r\n            padding: 1rem;\r\n            background: #fff;\r\n            box-shadow: 0 2px 5px rgba(0, 0, 0, 0.1);\r\n        }\r\n        h1, h2 {\r\n            color: #333;\r\n        }\r\n        a {\r\n            color: #007BFF;\r\n            text-decoration: none;\r\n        }\r\n        a:hover {\r\n            text-decoration: underline;\r\n        }\r\n        .video {\r\n            margin: 1.5rem 0;\r\n        }\r\n        iframe {\r\n            width: 100%;\r\n            height: 315px;\r\n        }\r\n        @media (max-width: 600px) {\r\n            h1 {\r\n                font-size: 1.8rem;\r\n            }\r\n            h2 {\r\n                font-size: 1.5rem;\r\n            }\r\n            iframe {\r\n                height: 200px;\r\n            }\r\n        }\r\n    <\/style>\r\n<\/head>\r\n<body>\r\n    <header>\r\n        <h1>Meditando com Lama Padma Samten<\/h1>\r\n    <\/header>\r\n\r\n    <div class=\"container\">\r\n        <h2><\/h2>\r\n        <ol>Ciclo de Encontros: Medita\u00e7\u00e3o com Lama Padma Samten<br>\r\n\r\nNestes cinco v\u00eddeos nos quais o Lama, de forma gradativa, nos instrui sobre a purifica\u00e7\u00e3o dos canais e como essa pr\u00e1tica se integra e se contextualiza dentro dos\u00a0ensinamentos\r\n\r\n<br><br>\r\n\u2728 Aprofunde sua pr\u00e1tica meditativa.\r\n<br><br>\r\n            <li><a href=\"#meditando1\">Parte 1<\/a><\/li>\r\n            <li><a href=\"#meditando2\">Parte 2<\/a><\/li>\r\n            <li><a href=\"#meditando3\">Parte 3<\/a><\/li>\r\n            <li><a href=\"#meditando4\">Parte 4<\/a><\/li>\r\n            <li><a href=\"#meditando5\">Parte 5<\/a><\/li>\r\n            <li><a href=\"#meditando6\">Tsa Lung - Para praticar no dia a dia<\/a><\/li>\r\n        <\/ol>\r\n\r\n        <div id=\"meditando1\" class=\"video\">\r\n            <h2>Parte 1<\/h2>\r\n            <p><\/p>\r\n            <iframe src=\"https:\/\/www.youtube.com\/embed\/ONHdC_7iUYk\" frameborder=\"0\" allow=\"accelerometer; autoplay; clipboard-write; encrypted-media; gyroscope; picture-in-picture\" allowfullscreen><\/iframe>\r\n        <\/div>\r\n\r\n        <div id=\"meditando2\" class=\"video\">\r\n            <h2>Parte 2<\/h2>\r\n            <p><\/p>\r\n            <iframe src=\"https:\/\/www.youtube.com\/embed\/Tch4aGWtrZQ\" frameborder=\"0\" allow=\"accelerometer; autoplay; clipboard-write; encrypted-media; gyroscope; picture-in-picture\" allowfullscreen><\/iframe>\r\n        <\/div>\r\n\r\n        <div id=\"meditando3\" class=\"video\">\r\n            <h2>Parte 3<\/h2>\r\n            <p><\/p>\r\n            <iframe src=\"https:\/\/www.youtube.com\/embed\/AG0Oprz9Vf4\" frameborder=\"0\" allow=\"accelerometer; autoplay; clipboard-write; encrypted-media; gyroscope; picture-in-picture\" allowfullscreen><\/iframe>\r\n        <\/div>\r\n\r\n        <div id=\"meditando4\" class=\"video\">\r\n            <h2>Parte 4<\/h2>\r\n            <p><\/p>\r\n            <iframe src=\"https:\/\/www.youtube.com\/embed\/A53C0yLrKBM\" frameborder=\"0\" allow=\"accelerometer; autoplay; clipboard-write; encrypted-media; gyroscope; picture-in-picture\" allowfullscreen><\/iframe>\r\n        <\/div>\r\n\r\n        <div id=\"meditando5\" class=\"video\">\r\n            <h2>Parte 5<\/h2>\r\n            <p><\/p>\r\n            <iframe src=\"https:\/\/www.youtube.com\/embed\/Quo5RI52oaI\" frameborder=\"0\" allow=\"accelerometer; autoplay; clipboard-write; encrypted-media; gyroscope; picture-in-picture\" allowfullscreen><\/iframe>\r\n        <\/div>\r\n         <div id=\"meditando6\" class=\"video\">\r\n            <h2>Para praticar no dia a dia<\/h2>\r\n            <p><\/p>\r\n            <iframe src=\"https:\/\/www.youtube.com\/embed\/hOTTZ5Kmeo8\" frameborder=\"0\" allow=\"accelerometer; autoplay; clipboard-write; encrypted-media; gyroscope; picture-in-picture\" allowfullscreen><\/iframe>\r\n        <\/div>\r\n    <\/div>\r\n<\/body>\r\n<\/html>\r\n\t\t\t\t<\/div>\n\t\t\t\t<\/div>\n\t\t\t\t\t<\/div>\n\t\t\t\t<\/div>\n\t\t\t\t<\/div>","protected":false},"excerpt":{"rendered":"<p>Meditando com Lama Padma Samten Meditando com Lama Padma Samten Ciclo de Encontros: Medita\u00e7\u00e3o com Lama Padma Samten Nestes cinco v\u00eddeos nos quais o Lama, de forma gradativa, nos instrui sobre a purifica\u00e7\u00e3o dos canais e como essa pr\u00e1tica se integra e se contextualiza dentro dos\u00a0ensinamentos \u2728 Aprofunde sua pr\u00e1tica meditativa. Parte 1 Parte 2 [&hellip;]<\/p>\n","protected":false},"author":1,"featured_media":13239,"comment_status":"closed","ping_status":"closed","sticky":false,"template":"","format":"standard","meta":{"_themeisle_gutenberg_block_has_review":false,"_jetpack_memberships_contains_paid_content":false,"footnotes":""},"categories":[124,40,42,125,265],"tags":[194],"class_list":["post-17766","post","type-post","status-publish","format-standard","has-post-thumbnail","hentry","category-budismo-na-vida-cotidiana","category-linha-tematica-especial","category-linha-tematica-ii","category-meditacao","category-sul","tag-meditacao"],"jetpack_featured_media_url":"https:\/\/i0.wp.com\/acaoparamita.com.br\/wp-content\/uploads\/2024\/05\/53641113859_e17c2423a4_c.jpg?fit=799%2C533&ssl=1","jetpack_sharing_enabled":true,"_links":{"self":[{"href":"https:\/\/acaoparamita.com.br\/en\/wp-json\/wp\/v2\/posts\/17766","targetHints":{"allow":["GET"]}}],"collection":[{"href":"https:\/\/acaoparamita.com.br\/en\/wp-json\/wp\/v2\/posts"}],"about":[{"href":"https:\/\/acaoparamita.com.br\/en\/wp-json\/wp\/v2\/types\/post"}],"author":[{"embeddable":true,"href":"https:\/\/acaoparamita.com.br\/en\/wp-json\/wp\/v2\/users\/1"}],"replies":[{"embeddable":true,"href":"https:\/\/acaoparamita.com.br\/en\/wp-json\/wp\/v2\/comments?post=17766"}],"version-history":[{"count":18,"href":"https:\/\/acaoparamita.com.br\/en\/wp-json\/wp\/v2\/posts\/17766\/revisions"}],"predecessor-version":[{"id":26204,"href":"https:\/\/acaoparamita.com.br\/en\/wp-json\/wp\/v2\/posts\/17766\/revisions\/26204"}],"wp:featuredmedia":[{"embeddable":true,"href":"https:\/\/acaoparamita.com.br\/en\/wp-json\/wp\/v2\/media\/13239"}],"wp:attachment":[{"href":"https:\/\/acaoparamita.com.br\/en\/wp-json\/wp\/v2\/media?parent=17766"}],"wp:term":[{"taxonomy":"category","embeddable":true,"href":"https:\/\/acaoparamita.com.br\/en\/wp-json\/wp\/v2\/categories?post=17766"},{"taxonomy":"post_tag","embeddable":true,"href":"https:\/\/acaoparamita.com.br\/en\/wp-json\/wp\/v2\/tags?post=17766"}],"curies":[{"name":"wp","href":"https:\/\/api.w.org\/{rel}","templated":true}]}}