{"id":1942,"date":"2020-04-13T10:34:30","date_gmt":"2020-04-13T10:34:30","guid":{"rendered":"https:\/\/www.acaoparamita.com.br\/?p=1942"},"modified":"2023-03-27T08:19:23","modified_gmt":"2023-03-27T11:19:23","slug":"favela-de-sao-paulo-vira-exemplo-em-acoes-contra-o-coronavirus","status":"publish","type":"post","link":"https:\/\/acaoparamita.com.br\/en\/favela-de-sao-paulo-vira-exemplo-em-acoes-contra-o-coronavirus\/","title":{"rendered":"Favela de S\u00e3o Paulo vira exemplo em a\u00e7\u00f5es contra o coronav\u00edrus"},"content":{"rendered":"<p style=\"text-align:center\"> <strong>A comunidade de Parais\u00f3polis se organizou para tentar saber com  rapidez quem tem sintomas da doen\u00e7a, quem precisa de ajuda e qual a  situa\u00e7\u00e3o na casa de cada fam\u00edlia.<\/strong> <\/p>\n\n\n<div class=\"content-list-component text\">\n<p>Uma das maiores favelas de S\u00e3o Paulo virou exemplo em a\u00e7\u00f5es que podem conter o avan\u00e7o do novo coronav\u00edrus. Parais\u00f3polis tem a popula\u00e7\u00e3o de uma cidade no espa\u00e7o de uma comunidade. S\u00e3o cerca de 100 mil pessoas espremidas em casas e barracos ligados por vielas.<\/p>\n<p>Tanta gente dividindo pouco espa\u00e7o forma uma condi\u00e7\u00e3o que facilita a dissemina\u00e7\u00e3o do v\u00edrus. \u00c9 dif\u00edcil fazer isolamento social assim. Mas a comunidade se organizou para tentar saber com rapidez quem tem sintomas da doen\u00e7a, quem precisa de ajuda, qual a situa\u00e7\u00e3o na casa de cada fam\u00edlia que mora no local.<\/p>\n<p>A comunidade transformou 420 moradores em presidentes de rua. Cada um \u00e9 respons\u00e1vel por monitorar umas 50 casas.<\/p>\n<p>\u201cAssim que a gente identifica um caso suspeito, a gente passa a monitorar essa fam\u00edlia, dar orienta\u00e7\u00e3o. Ent\u00e3o o presidente de rua ele \u00e9 respons\u00e1vel por garantir que essa pessoa fique em casa, conscientiz\u00e1-lo. Passando mal, a ambul\u00e2ncia vai ser acionada\u201d, diz Gilson Rodrigues, l\u00edder comunit\u00e1rio de Parais\u00f3polis.<\/p>\n<p>Parais\u00f3polis mant\u00e9m tr\u00eas ambul\u00e2ncias e profissionais de prontid\u00e3o.A comunidade j\u00e1 registrou 15 casos confirmados de Covid-19 e oito mortes suspeitas. Alexandra Pereira da Silva \u00e9 uma das presidentes de rua e j\u00e1 chamou os socorristas para ajudar um vizinho.<\/p>\n<p>\u201cA gente foi at\u00e9 a casa da pessoa, eles examinaram ela l\u00e1, depois trouxeram para c\u00e1 porque ela estava com muita falta de ar, e gra\u00e7as a Deus est\u00e1 at\u00e9 em casa, tomando medica\u00e7\u00e3o, est\u00e1 em casa, a gente est\u00e1 de olho, claro\u201d, conta.<\/p>\n<p>A rede dos presidentes de rua tamb\u00e9m identificou quais s\u00e3o os moradores que perderam a renda por causa da pandemia e est\u00e3o mais necessitados. Para essas pessoas, volunt\u00e1rios preparam marmitas todos os dias. Neste s\u00e1bado, foram duas mil refei\u00e7\u00f5es.<\/p>\n<p>\u201cA nossa popula\u00e7\u00e3o, al\u00e9m de ela ser de servi\u00e7o, ela n\u00e3o tem como fazer o home office porque s\u00e3o diaristas, cozinheiras, pessoas que trabalham no servi\u00e7o de manuten\u00e7\u00e3o, a grande maioria. E a gente juntou todo mundo, a mulherada, para poder se acolher e superar esse desafio aqui na comunidade\u201d, diz Elizandra Cerqueira, presidente da Associa\u00e7\u00e3o das mulheres de Parais\u00f3polis.<\/p>\n<p>Neste s\u00e1bado, tamb\u00e9m teve distribui\u00e7\u00e3o de ovos de chocolate.<\/p>\n<p>E um projeto da comunidade que capacita mulheres para serem costureiras est\u00e1 dedicado, agora, a confeccionar m\u00e1scaras de pano. A oficina est\u00e1 quase vazia porque as mulheres levaram m\u00e1quinas para costurar em casa.<\/p>\n<p>\u201cTrabalhando em casa e com renda. Isso \u00e9 muito importante, porque voc\u00ea pedir para fazer isolamento sem pensar como as pessoas v\u00e3o sobreviver \u00e9 um desafio muito grande\u201d, diz Su\u00e9li Feio, idealizadora do projeto Costurando Sonhos.<\/p>\n<p>A renda delas vem de uma empresa que est\u00e1 pagando pelas m\u00e1scaras, que ser\u00e3o distribu\u00eddas na comunidade. Tudo o que Parais\u00f3polis est\u00e1 fazendo \u00e9 mantido com parcerias como essa, doa\u00e7\u00f5es, uma vaquinha pela internet e volunt\u00e1rios.<\/p>\n<p>A solidariedade tamb\u00e9m \u00e9 contagiosa. Neste s\u00e1bado, apareceram quatro pessoas de outro lado da cidade levando cem marmitas prontinhas para servir. E olha que uma dessas pessoas \u00e9 o Leandro, que j\u00e1 perdeu o emprego por causa dessa crise.<\/p>\n<p>\u201cA gente falou que a gente precisa fazer algo para o pr\u00f3ximo, como ajudar o pr\u00f3ximo, atrav\u00e9s do que a gente tem na m\u00e3o. \u00c9 fazer uma comida, \u00e9 trazer um conforto para quem tem mais dificuldade do que a gente\u201d, diz o publicit\u00e1rio Leandro Pestana.<\/p>\n<p class=\"bodytext\">Fonte: <a href=\"https:\/\/www.geledes.org.br\/favela-de-sao-paulo-vira-exemplo-em-acoes-contra-o-coronavirus\/?utm_source=pushnews&amp;utm_medium=pushnotification\">GELED\u00c9S<\/a> Via <a href=\"https:\/\/g1.globo.com\/jornal-nacional\/noticia\/2020\/04\/11\/favela-de-sao-paulo-vira-exemplo-em-acoes-contra-o-coronavirus.ghtml\">G1<\/a><\/p>\n<\/div>\n\n\n<p><\/p>","protected":false},"excerpt":{"rendered":"<p>A comunidade de Parais\u00f3polis se organizou para tentar saber com rapidez quem tem sintomas da doen\u00e7a, quem precisa de ajuda e qual a situa\u00e7\u00e3o na casa de cada fam\u00edlia. Uma das maiores favelas de S\u00e3o Paulo virou exemplo em a\u00e7\u00f5es que podem conter o avan\u00e7o do novo coronav\u00edrus. Parais\u00f3polis tem a popula\u00e7\u00e3o de uma cidade [&hellip;]<\/p>\n","protected":false},"author":1,"featured_media":2018,"comment_status":"closed","ping_status":"open","sticky":false,"template":"","format":"standard","meta":{"_themeisle_gutenberg_block_has_review":false,"_jetpack_memberships_contains_paid_content":false,"footnotes":""},"categories":[19,25,33,49],"tags":[],"class_list":["post-1942","post","type-post","status-publish","format-standard","has-post-thumbnail","hentry","category-diversidade","category-farol-periferia","category-inspiracao","category-negritudes"],"jetpack_featured_media_url":"","jetpack_sharing_enabled":true,"_links":{"self":[{"href":"https:\/\/acaoparamita.com.br\/en\/wp-json\/wp\/v2\/posts\/1942","targetHints":{"allow":["GET"]}}],"collection":[{"href":"https:\/\/acaoparamita.com.br\/en\/wp-json\/wp\/v2\/posts"}],"about":[{"href":"https:\/\/acaoparamita.com.br\/en\/wp-json\/wp\/v2\/types\/post"}],"author":[{"embeddable":true,"href":"https:\/\/acaoparamita.com.br\/en\/wp-json\/wp\/v2\/users\/1"}],"replies":[{"embeddable":true,"href":"https:\/\/acaoparamita.com.br\/en\/wp-json\/wp\/v2\/comments?post=1942"}],"version-history":[{"count":1,"href":"https:\/\/acaoparamita.com.br\/en\/wp-json\/wp\/v2\/posts\/1942\/revisions"}],"predecessor-version":[{"id":8161,"href":"https:\/\/acaoparamita.com.br\/en\/wp-json\/wp\/v2\/posts\/1942\/revisions\/8161"}],"wp:featuredmedia":[{"embeddable":true,"href":"https:\/\/acaoparamita.com.br\/en\/wp-json\/"}],"wp:attachment":[{"href":"https:\/\/acaoparamita.com.br\/en\/wp-json\/wp\/v2\/media?parent=1942"}],"wp:term":[{"taxonomy":"category","embeddable":true,"href":"https:\/\/acaoparamita.com.br\/en\/wp-json\/wp\/v2\/categories?post=1942"},{"taxonomy":"post_tag","embeddable":true,"href":"https:\/\/acaoparamita.com.br\/en\/wp-json\/wp\/v2\/tags?post=1942"}],"curies":[{"name":"wp","href":"https:\/\/api.w.org\/{rel}","templated":true}]}}