{"id":2346,"date":"2020-06-15T20:33:10","date_gmt":"2020-06-15T20:33:10","guid":{"rendered":"https:\/\/www.acaoparamita.com.br\/?p=2346"},"modified":"2023-03-27T08:19:09","modified_gmt":"2023-03-27T11:19:09","slug":"seleta-ap-auto-organizacao-eugenia-e-necropolitica-roda-de-conversa-45","status":"publish","type":"post","link":"https:\/\/acaoparamita.com.br\/en\/seleta-ap-auto-organizacao-eugenia-e-necropolitica-roda-de-conversa-45\/","title":{"rendered":"SELETA AP | Auto Organiza\u00e7\u00e3o, Eugenia e Necropol\u00edtica &#8211; Roda de Conversa 45"},"content":{"rendered":"<p style=\"text-align:center\"><em> <\/em><strong><em>Confira nossa sele\u00e7\u00e3o de not\u00edcias e v\u00eddeos sobre o tema deste programa que podem te ajudar a compreender melhor as quest\u00f5es abordadas nesta Roda de Conversa!<\/em><\/strong><\/p>\n\n\n<div class=\"content-list-component text\">\n<p>Falar sobre Racismo pode ser uma tarefa bem complexa. Ainda mais quando tratamos de termos pouco conhecidos ou compreendidos como Branquitude, Racismo Estrutural, Eugenia, Necropol\u00edtica, entre outros. Confira abaixo o que a A\u00c7\u00c3O PARAMITA preparou para fazer voc\u00ea entender melhor estes assuntos para podermos ver uma Primavera que abarque todos e todas, sem exce\u00e7\u00f5es:&nbsp;<\/p>\n<p><strong>BRANQUITUDE<\/strong><\/p>\n<p>Confira o v\u00eddeo <em>O QUE \u00c9 BRANQUITUDE?<\/em>, bem esclarecedor de AD J\u00fanior sobre isso:<\/p>\n<p><iframe title=\"O Que \u00e9 Branquitude?\" width=\"800\" height=\"450\" src=\"https:\/\/www.youtube.com\/embed\/dZ9Pp-Xih50?feature=oembed\" frameborder=\"0\" allow=\"accelerometer; autoplay; clipboard-write; encrypted-media; gyroscope; picture-in-picture; web-share\" allowfullscreen><\/iframe><\/p>\n<p><\/p>\n<p><strong>RACISMO ESTRUTURAL<\/strong><\/p>\n<\/div>\n<p>Veja aqui neste excelente v\u00eddeo curto o Professor S\u00edlvio Almeida explicando o que \u00e9:<\/p>\n<p><iframe title=\"O QUE \u00c9 RACISMO ESTRUTURAL? | Silvio Almeida\" width=\"800\" height=\"450\" src=\"https:\/\/www.youtube.com\/embed\/PD4Ew5DIGrU?feature=oembed\" frameborder=\"0\" allow=\"accelerometer; autoplay; clipboard-write; encrypted-media; gyroscope; picture-in-picture; web-share\" allowfullscreen><\/iframe><\/p>\n<p><\/p>\n<p>Se quiser ler e ampliar sua vis\u00e3o sobre o tema, temos estas \u00f3timas reportagens do <a href=\"https:\/\/www.geledes.org.br\/\">Portal Geled\u00e9s<\/a>:<\/p>\n<h6><span style=\"color: #0000ff;\"><a style=\"color: #0000ff;\" href=\"https:\/\/www.geledes.org.br\/manifesto-politico-para-um-judiciario-contra-o-racismo-estrutural\/\">Manifesto pol\u00edtico para um Judici\u00e1rio contra o racismo estrutural<\/a><\/span><\/h6>\n<h6><span style=\"color: #0000ff;\"><a style=\"color: #0000ff;\" href=\"https:\/\/www.geledes.org.br\/preto-no-branco-9-visoes-sobre-onde-esta-o-racismo-estrutural\/\">Preto no branco: 9 vis\u00f5es sobre onde est\u00e1 o racismo estrutural<\/a><\/span><\/h6>\n<h6><span style=\"color: #0000ff;\"><a style=\"color: #0000ff;\" href=\"https:\/\/www.geledes.org.br\/entre-o-direito-a-infancia-e-negacao-de-direitos-as-meninas-e-meninos-pretos-racismo-estrutural-desde-a-estirpe-da-existencia-humana\/\">Entre o direito a inf\u00e2ncia e nega\u00e7\u00e3o de direitos as meninas e meninos pretos: racismo estrutural desde a estirpe da exist\u00eancia humana<\/a><\/span><\/h6>\n<h6><a href=\"https:\/\/www.geledes.org.br\/o-racismo-estrutural-na-crise-do-coronavirus-e-visivel-quando-ser-negroa-e-o-suficiente-para-estar-dentro-do-grupo-de-risco\/\"><span style=\"color: #0000ff;\">O racismo estrutural na crise do Coronav\u00edrus \u00e9 vis\u00edvel quando ser negro(a) \u00e9 o suficiente para estar dentro do grupo de risco<\/span><\/a><\/h6>\n<h6><a href=\"https:\/\/www.geledes.org.br\/cpfs-negros-importam-racismo-estrutural-e-politicas-publicas-no-contexto-da-covid-19\/\"><span style=\"color: #0000ff;\">CPFs negros importam? Racismo estrutural e pol\u00edticas p\u00fablicas no contexto da COVID-19<\/span><\/a><\/h6>\n<p><\/p>\n<p><strong>EUGENIA<\/strong><\/p>\n<p>Este v\u00eddeo do excelente canal do YouTube METEORO BRASIL explica a Eugenia relacionando-a com a Pandemia que vivemos:<\/p>\n<p><iframe title=\"PANDEMIA &amp; EUGENIA\" width=\"800\" height=\"450\" src=\"https:\/\/www.youtube.com\/embed\/9NTOGo7_mX4?feature=oembed\" frameborder=\"0\" allow=\"accelerometer; autoplay; clipboard-write; encrypted-media; gyroscope; picture-in-picture; web-share\" allowfullscreen><\/iframe><\/p>\n<p><\/p>\n<p>Este aqui, da TV POLIEDRO, relaciona a Eugenia com o Darwinismo Social e a Antropologia Criminal:<\/p>\n<p><a href=\"https:\/\/youtu.be\/9PPaQEeVlco\">https:\/\/youtu.be\/9PPaQEeVlco<\/a><\/p>\n<p><\/p>\n<p><strong>NECROPOL\u00cdTICA<\/strong><\/p>\n<p>Este v\u00eddeo explica e situa bem o termo no Brasil:<\/p>\n<p><iframe title=\"Necropol\u00edtica: entenda o que \u00e9 a pol\u00edtica da morte\" width=\"800\" height=\"450\" src=\"https:\/\/www.youtube.com\/embed\/w5Ebmemh2Nk?feature=oembed\" frameborder=\"0\" allow=\"accelerometer; autoplay; clipboard-write; encrypted-media; gyroscope; picture-in-picture; web-share\" allowfullscreen><\/iframe><\/p>\n<p><\/p>\n<p>Este, por sua vez, relaciona bem a Necropol\u00edtica com o Coronav\u00edrus:<\/p>\n<p><iframe title=\"Necropol\u00edtica e Coronav\u00edrus: entenda as rela\u00e7\u00f5es \u2600\" width=\"800\" height=\"450\" src=\"https:\/\/www.youtube.com\/embed\/24hZB2B65-E?feature=oembed\" frameborder=\"0\" allow=\"accelerometer; autoplay; clipboard-write; encrypted-media; gyroscope; picture-in-picture; web-share\" allowfullscreen><\/iframe><\/p>\n<p><\/p>\n<p>Conhe\u00e7a o Necroestado Brasileiro, aqui, com Vladimir Safatle:<\/p>\n<p><iframe title=\"O NECROESTADO BRASILEIRO | Vladimir Safatle\" width=\"800\" height=\"450\" src=\"https:\/\/www.youtube.com\/embed\/CCgL60UJTck?feature=oembed\" frameborder=\"0\" allow=\"accelerometer; autoplay; clipboard-write; encrypted-media; gyroscope; picture-in-picture; web-share\" allowfullscreen><\/iframe><\/p>\n<p><\/p>\n<p>Leia aqui algumas reportagens importantes sobre o tema:<\/p>\n<h6><a href=\"http:\/\/paragrafo2.com.br\/2020\/04\/03\/carismatica-fascista-e-necropolitica-neoliberal-no-brasil-a-negacao-da-ciencia-como-politica-de-morte-em-tempos-de-coronavirus\/\"><span style=\"color: #0000ff;\">Carism\u00e1tica fascista e necropol\u00edtica neoliberal no Brasil: a nega\u00e7\u00e3o da ci\u00eancia como pol\u00edtica de morte em tempos de coronav\u00edrus<\/span><\/a><\/h6>\n<h6><a href=\"https:\/\/ponte.org\/o-que-e-necropolitica-e-como-se-aplica-a-seguranca-publica-no-brasil\/\"><span style=\"color: #0000ff;\">O que \u00e9 necropol\u00edtica. E como se aplica \u00e0 seguran\u00e7a p\u00fablica no Brasil<\/span><\/a><br><strong><br><\/strong><\/h6>\n<p><\/p>\n<p><strong>V\u00cdDEO B\u00d4NUS<\/strong><\/p>\n<p>N\u00e3o deixe de ver tamb\u00e9m esta fala de Thula Pires sobre DEMOCRACIA E O GENOC\u00cdDIO DO POVO NEGRO E IND[IGENA:<\/p>\n<p><iframe title=\"DEMOCRACIA E GENOC\u00cdDIO DO POVO NEGRO E IND\u00cdGENA | Thula Pires\" width=\"800\" height=\"450\" src=\"https:\/\/www.youtube.com\/embed\/3jzHIsmiAKE?feature=oembed\" frameborder=\"0\" allow=\"accelerometer; autoplay; clipboard-write; encrypted-media; gyroscope; picture-in-picture; web-share\" allowfullscreen><\/iframe><\/p>\n\n\n<p><\/p>","protected":false},"excerpt":{"rendered":"<p>Confira nossa sele\u00e7\u00e3o de not\u00edcias e v\u00eddeos sobre o tema deste programa que podem te ajudar a compreender melhor as quest\u00f5es abordadas nesta Roda de Conversa! Falar sobre Racismo pode ser uma tarefa bem complexa. Ainda mais quando tratamos de termos pouco conhecidos ou compreendidos como Branquitude, Racismo Estrutural, Eugenia, Necropol\u00edtica, entre outros. Confira abaixo [&hellip;]<\/p>\n","protected":false},"author":1,"featured_media":2361,"comment_status":"closed","ping_status":"open","sticky":false,"template":"","format":"standard","meta":{"_themeisle_gutenberg_block_has_review":false,"_jetpack_memberships_contains_paid_content":false,"footnotes":""},"categories":[18,19,25,33,49],"tags":[],"class_list":["post-2346","post","type-post","status-publish","format-standard","has-post-thumbnail","hentry","category-destaque","category-diversidade","category-farol-periferia","category-inspiracao","category-negritudes"],"jetpack_featured_media_url":"","jetpack_sharing_enabled":true,"_links":{"self":[{"href":"https:\/\/acaoparamita.com.br\/en\/wp-json\/wp\/v2\/posts\/2346","targetHints":{"allow":["GET"]}}],"collection":[{"href":"https:\/\/acaoparamita.com.br\/en\/wp-json\/wp\/v2\/posts"}],"about":[{"href":"https:\/\/acaoparamita.com.br\/en\/wp-json\/wp\/v2\/types\/post"}],"author":[{"embeddable":true,"href":"https:\/\/acaoparamita.com.br\/en\/wp-json\/wp\/v2\/users\/1"}],"replies":[{"embeddable":true,"href":"https:\/\/acaoparamita.com.br\/en\/wp-json\/wp\/v2\/comments?post=2346"}],"version-history":[{"count":1,"href":"https:\/\/acaoparamita.com.br\/en\/wp-json\/wp\/v2\/posts\/2346\/revisions"}],"predecessor-version":[{"id":8148,"href":"https:\/\/acaoparamita.com.br\/en\/wp-json\/wp\/v2\/posts\/2346\/revisions\/8148"}],"wp:featuredmedia":[{"embeddable":true,"href":"https:\/\/acaoparamita.com.br\/en\/wp-json\/"}],"wp:attachment":[{"href":"https:\/\/acaoparamita.com.br\/en\/wp-json\/wp\/v2\/media?parent=2346"}],"wp:term":[{"taxonomy":"category","embeddable":true,"href":"https:\/\/acaoparamita.com.br\/en\/wp-json\/wp\/v2\/categories?post=2346"},{"taxonomy":"post_tag","embeddable":true,"href":"https:\/\/acaoparamita.com.br\/en\/wp-json\/wp\/v2\/tags?post=2346"}],"curies":[{"name":"wp","href":"https:\/\/api.w.org\/{rel}","templated":true}]}}