{"id":2490,"date":"2020-08-04T22:36:00","date_gmt":"2020-08-04T22:36:00","guid":{"rendered":"https:\/\/www.acaoparamita.com.br\/?p=2490"},"modified":"2023-03-27T08:19:09","modified_gmt":"2023-03-27T11:19:09","slug":"52-roda-de-conversa-juventude-engajada-reencantando-a-vida","status":"publish","type":"post","link":"https:\/\/acaoparamita.com.br\/en\/52-roda-de-conversa-juventude-engajada-reencantando-a-vida\/","title":{"rendered":"#52 Roda de Conversa | Juventude engajada reencantando a vida"},"content":{"rendered":"<iframe width=\"560\" height=\"315\" src=\"https:\/\/www.youtube.com\/embed\/FPxCNflGtNE\" frameborder=\"0\" allow=\"accelerometer; autoplay; encrypted-media; gyroscope; picture-in-picture\" allowfullscreen><\/iframe>\n\n\n<p><iframe width=\"100%\" height=\"166\" scrolling=\"no\" frameborder=\"no\" allow=\"autoplay\" src=\"https:\/\/w.soundcloud.com\/player\/?url=https%3A\/\/api.soundcloud.com\/tracks\/870846457&#038;color=%23ff5500&#038;auto_play=false&#038;hide_related=true&#038;show_comments=false&#038;show_user=true&#038;show_reposts=false&#038;show_teaser=false\"><\/iframe><\/p>\n\n\n\n<h2 class=\"wp-block-heading\">? Que mundo queremos deixar para nossos filhos? \u00c9 comum esta pergunta surgir entre adultos refletindo sobre suas a\u00e7\u00f5es para as novas gera\u00e7\u00f5es. Mas a pr\u00f3pria juventude, por vezes, manifesta sua pot\u00eancia de resignificar as coisas e reencantar a vida por diversas maneiras.<\/h2>\n\n\n\n<p>Pra falar sobre isso e muito mais (al\u00e9m de conversar sobre a jornada destas 50 Rodas de Conversa), LAMA SAMTEN estar\u00e1 recebendo no programa RODA DE CONVERSA desta ter\u00e7a:<\/p>\n\n\n\n<p><strong>ANDERSON NATANAEL<\/strong><br>23 anos, negro, portador de defici\u00eancia f\u00edsica- tetrapl\u00e9gico, acad\u00eamico de Gest\u00e3o ambiental no IFRS-Campus Porto Alegre, colaborador do DCE, T\u00e9cnico em agropecu\u00e1ria pelo CETEC &#8211; Encruzilhada do Sul, Diretor do departamento de PCDs do Clube de M\u00e3es Santa Rosa, institui\u00e7\u00e3o comunit\u00e1rio do Terceiro Setor e militante da Carta Universal dos Diretos Humanos em Prol da igualdade, liberdade e acessibilidade para todos.<\/p>\n\n\n\n<p><strong>GODDMAN ANDRADE SANTOS<br><\/strong>Coordenador da Pastoral da Diversidade Anglicanxs, membro da Catedral da Sant\u00edssima Trindade da Igreja Episcopal Anglicana Brasileira. Mestre em Direito, Professor e Advogado.<\/p>\n\n\n\n<p><strong>EZEQUIEL HANKE<br><\/strong>Te\u00f3logo e ativista de direitos humanos. Tem interesse de pesquisa nos seguintes temas: direitos fundamentais, laicidade, liberdade religiosa, intoler\u00e2ncia religiosa, fundamentalismo religioso, ecumenismo, religi\u00e3o e g\u00eanero.<\/p>","protected":false},"excerpt":{"rendered":"<p>? Que mundo queremos deixar para nossos filhos? \u00c9 comum esta pergunta surgir entre adultos refletindo sobre suas a\u00e7\u00f5es para as novas gera\u00e7\u00f5es. Mas a pr\u00f3pria juventude, por vezes, manifesta sua pot\u00eancia de resignificar as coisas e reencantar a vida por diversas maneiras. Pra falar sobre isso e muito mais (al\u00e9m de conversar sobre a [&hellip;]<\/p>\n","protected":false},"author":1,"featured_media":2491,"comment_status":"closed","ping_status":"open","sticky":false,"template":"","format":"standard","meta":{"_themeisle_gutenberg_block_has_review":false,"_jetpack_memberships_contains_paid_content":false,"footnotes":""},"categories":[53],"tags":[],"class_list":["post-2490","post","type-post","status-publish","format-standard","has-post-thumbnail","hentry","category-roda-de-conversa"],"jetpack_featured_media_url":"","jetpack_sharing_enabled":true,"_links":{"self":[{"href":"https:\/\/acaoparamita.com.br\/en\/wp-json\/wp\/v2\/posts\/2490","targetHints":{"allow":["GET"]}}],"collection":[{"href":"https:\/\/acaoparamita.com.br\/en\/wp-json\/wp\/v2\/posts"}],"about":[{"href":"https:\/\/acaoparamita.com.br\/en\/wp-json\/wp\/v2\/types\/post"}],"author":[{"embeddable":true,"href":"https:\/\/acaoparamita.com.br\/en\/wp-json\/wp\/v2\/users\/1"}],"replies":[{"embeddable":true,"href":"https:\/\/acaoparamita.com.br\/en\/wp-json\/wp\/v2\/comments?post=2490"}],"version-history":[{"count":1,"href":"https:\/\/acaoparamita.com.br\/en\/wp-json\/wp\/v2\/posts\/2490\/revisions"}],"predecessor-version":[{"id":8139,"href":"https:\/\/acaoparamita.com.br\/en\/wp-json\/wp\/v2\/posts\/2490\/revisions\/8139"}],"wp:featuredmedia":[{"embeddable":true,"href":"https:\/\/acaoparamita.com.br\/en\/wp-json\/"}],"wp:attachment":[{"href":"https:\/\/acaoparamita.com.br\/en\/wp-json\/wp\/v2\/media?parent=2490"}],"wp:term":[{"taxonomy":"category","embeddable":true,"href":"https:\/\/acaoparamita.com.br\/en\/wp-json\/wp\/v2\/categories?post=2490"},{"taxonomy":"post_tag","embeddable":true,"href":"https:\/\/acaoparamita.com.br\/en\/wp-json\/wp\/v2\/tags?post=2490"}],"curies":[{"name":"wp","href":"https:\/\/api.w.org\/{rel}","templated":true}]}}