{"id":2539,"date":"2020-08-27T23:42:28","date_gmt":"2020-08-27T23:42:28","guid":{"rendered":"https:\/\/www.acaoparamita.com.br\/?p=2539"},"modified":"2023-03-27T08:19:09","modified_gmt":"2023-03-27T11:19:09","slug":"55-roda-de-conversa-educacao-auto-organizacao-e-a-causa-indigena","status":"publish","type":"post","link":"https:\/\/acaoparamita.com.br\/en\/55-roda-de-conversa-educacao-auto-organizacao-e-a-causa-indigena\/","title":{"rendered":"#55 Roda de Conversa | Educa\u00e7\u00e3o, Auto-organiza\u00e7\u00e3o e a causa ind\u00edgena"},"content":{"rendered":"<p><iframe width=\"560\" height=\"315\" src=\"https:\/\/www.youtube.com\/embed\/nLuYoJmcJAQ\" frameborder=\"0\" allow=\"accelerometer; autoplay; encrypted-media; gyroscope; picture-in-picture\" allowfullscreen><\/iframe><\/p>\n\n\n<p><iframe scrolling=\"no\" allow=\"autoplay\" src=\"https:\/\/w.soundcloud.com\/player\/?url=https%3A\/\/api.soundcloud.com\/tracks\/881911861&amp;color=%23ff5500&amp;auto_play=false&amp;hide_related=true&amp;show_comments=false&amp;show_user=true&amp;show_reposts=false&amp;show_teaser=false\" width=\"100%\" height=\"166\" frameborder=\"no\"><\/iframe><\/p>\n\n\n\n<h2 class=\"wp-block-heading\">? Os Povos Origin\u00e1rios do Brasil parecem viver como estrangeiros em sua pr\u00f3pria terra, sempre precisando de reconhecimentos e valida\u00e7\u00f5es por parte de quem chegou depois. Como o processo de educa\u00e7\u00e3o (tanto o formal quanto o ancestral\/tradicional) e os movimentos de auto-organiza\u00e7\u00e3o podem contribuir com a causa ind\u00edgena?<\/h2>\n\n\n\n<p>Pra falar sobre isso e muito mais (al\u00e9m de conversar sobre a jornada destas 50 Rodas de Conversa), LAMA SAMTEN estar\u00e1 recebendo no programa RODA DE CONVERSA desta ter\u00e7a:<\/p>\n\n\n\n<p><strong>K\u00c1TIA ANTUNES ZEPHIRO<\/strong><br>Doutoranda em Educa\u00e7\u00e3o pela UFRRJ, Prof. de Hist\u00f3ria da rede municipal de Angra dos Reis. Atuou como professora em projetos de educa\u00e7\u00e3o diferenciada com os Guarani Mbya de Angra dos Reis e Pescadores da Praia da Longa\/Ilha Grande. Militante da causa ind\u00edgena, membro do Coletivo Nhoiru Et\u00e9, sindicalista e principalmente m\u00e3e de tr\u00eas: Luna, Pedro sol e Arun\u00e3.<\/p>\n\n\n\n<p><strong>SANDRA BENITES GUARANI NHANDEWA<br><\/strong>Professora de ensino fundamental e de ensino m\u00e9dio. Mestre em antrop\u00f3logia social. Curadora -adjunta no MASP. Doutoranda em antrop\u00f3logia social pelo Museu Nacional -UFRJ<\/p>\n\n\n\n<p><strong>IVANILDES KEREXU PEREIRA DA SILVAI NHANDEWA<br><\/strong>Ex-merendeira na escola da Aldeia Itaxi de Paraty Mirim, por 15 anos, onde passou a atuar como Agente de Sa\u00fade, Professora (ao longo de 6 anos) e, nos \u00faltimos oito anos, foi presidente da ACIGUA \u2013 Associa\u00e7\u00e3o Comunit\u00e1ria Ind\u00edgena Guarani. Como Agente de Sa\u00fade e Professora integrou o Conselho Nacional de educa\u00e7\u00e3o ind\u00edgena, (Bras\u00edlia-DF) e ainda integra o Conselho de sa\u00fade local Ind\u00edgena, (S\u00e3o Paulo-SP) e do qual ainda participa. Atua como integrante do F\u00f3rum das Comunidades Tradicionais-FCT que inclui comunidades ind\u00edgenas, quilombolas e cai\u00e7aras dos munic\u00edpios de Paraty, Angra dos Reis e Ubatuba. Comp\u00f5e a equipe de articula\u00e7\u00e3o do FCT com o Observat\u00f3rio de Territ\u00f3rios Saud\u00e1veis e Sustent\u00e1veis da Serra da Bocaina-OTSS, em parceira com a Fio Cruz e sede em Paraty. Ali, atua tamb\u00e9m no Coletivo de Educa\u00e7\u00e3o Diferenciada<\/p>","protected":false},"excerpt":{"rendered":"<p>? Os Povos Origin\u00e1rios do Brasil parecem viver como estrangeiros em sua pr\u00f3pria terra, sempre precisando de reconhecimentos e valida\u00e7\u00f5es por parte de quem chegou depois. Como o processo de educa\u00e7\u00e3o (tanto o formal quanto o ancestral\/tradicional) e os movimentos de auto-organiza\u00e7\u00e3o podem contribuir com a causa ind\u00edgena? Pra falar sobre isso e muito mais [&hellip;]<\/p>\n","protected":false},"author":1,"featured_media":2541,"comment_status":"closed","ping_status":"open","sticky":false,"template":"","format":"standard","meta":{"_themeisle_gutenberg_block_has_review":false,"_jetpack_memberships_contains_paid_content":false,"footnotes":""},"categories":[53],"tags":[],"class_list":["post-2539","post","type-post","status-publish","format-standard","has-post-thumbnail","hentry","category-roda-de-conversa"],"jetpack_featured_media_url":"","jetpack_sharing_enabled":true,"_links":{"self":[{"href":"https:\/\/acaoparamita.com.br\/en\/wp-json\/wp\/v2\/posts\/2539","targetHints":{"allow":["GET"]}}],"collection":[{"href":"https:\/\/acaoparamita.com.br\/en\/wp-json\/wp\/v2\/posts"}],"about":[{"href":"https:\/\/acaoparamita.com.br\/en\/wp-json\/wp\/v2\/types\/post"}],"author":[{"embeddable":true,"href":"https:\/\/acaoparamita.com.br\/en\/wp-json\/wp\/v2\/users\/1"}],"replies":[{"embeddable":true,"href":"https:\/\/acaoparamita.com.br\/en\/wp-json\/wp\/v2\/comments?post=2539"}],"version-history":[{"count":1,"href":"https:\/\/acaoparamita.com.br\/en\/wp-json\/wp\/v2\/posts\/2539\/revisions"}],"predecessor-version":[{"id":8134,"href":"https:\/\/acaoparamita.com.br\/en\/wp-json\/wp\/v2\/posts\/2539\/revisions\/8134"}],"wp:featuredmedia":[{"embeddable":true,"href":"https:\/\/acaoparamita.com.br\/en\/wp-json\/"}],"wp:attachment":[{"href":"https:\/\/acaoparamita.com.br\/en\/wp-json\/wp\/v2\/media?parent=2539"}],"wp:term":[{"taxonomy":"category","embeddable":true,"href":"https:\/\/acaoparamita.com.br\/en\/wp-json\/wp\/v2\/categories?post=2539"},{"taxonomy":"post_tag","embeddable":true,"href":"https:\/\/acaoparamita.com.br\/en\/wp-json\/wp\/v2\/tags?post=2539"}],"curies":[{"name":"wp","href":"https:\/\/api.w.org\/{rel}","templated":true}]}}