{"id":2720,"date":"2020-10-04T10:21:00","date_gmt":"2020-10-04T10:21:00","guid":{"rendered":"https:\/\/www.acaoparamita.com.br\/?p=2720"},"modified":"2023-03-27T08:18:57","modified_gmt":"2023-03-27T11:18:57","slug":"xi-seminario-regional-de-promocao-da-saude-e-cultura-de-paz-resiliencia-em-tempos-de-pandemia","status":"publish","type":"post","link":"https:\/\/acaoparamita.com.br\/en\/xi-seminario-regional-de-promocao-da-saude-e-cultura-de-paz-resiliencia-em-tempos-de-pandemia\/","title":{"rendered":"XI Semin\u00e1rio Regional de Promo\u00e7\u00e3o da Sa\u00fade e Cultura de Paz | Resili\u00eancia em tempos de Pandemia"},"content":{"rendered":"<p>De 21 de setembro \u00e0 12 de outubro aconteceu o XI\u00ba Semin\u00e1rio Regional de Promo\u00e7\u00e3o da Sa\u00fade e Cultura de Paz, promovido pela Secretaria Estadual da Sa\u00fade atrav\u00e9s dos grupos de Vigil\u00e2ncia Epidemiol\u00f3gica e do N\u00facleo VIVA a PAZ de S\u00e3o Jos\u00e9 dos Campos. O tema abordado em 2020 foi &#8220;Tempos de ressignifica\u00e7\u00e3o, resili\u00eancia e Cocria\u00e7\u00e3o&#8221;. Lama Padma Samten foi convidado \u00e0 falar sobre Resili\u00eancia. Os outros convidados foram <a href=\"https:\/\/www.youtube.com\/watch?v=OfGVClJqK5I\">Monica Guttmann da Palas Athena, que falou sobre Ressignifica\u00e7\u00e3o<\/a> e o <a href=\"https:\/\/www.youtube.com\/watch?v=H9bQZ1kR9m8\">Prof. Dr. Paulo Saldiva da USP que falou sobre Cocria\u00e7\u00e3o<\/a>.<\/p>\n\n\n\n<blockquote class=\"wp-block-quote is-style-large is-layout-flow wp-block-quote-is-layout-flow\"><p><\/p><p><\/p><p>&#8220;Este trabalho de abordar a quest\u00e3o da viol\u00eancia junto com a quest\u00e3o da paz, da cultura, eu acho muito potente e muito necess\u00e1rio. Vejo que esta quest\u00e3o da abordagem \u201cGrupo de Vigil\u00e2ncia Epidemiol\u00f3gica\u201d, associar a epidemiologia com as quest\u00f5es sociais e a organiza\u00e7\u00e3o dos grupos parece realmente relevante. Isso \u00e9 o ponto central, porque a quest\u00e3o humana, n\u00e3o \u00e9 resolvida individualmente, \u00e9 uma quest\u00e3o muito mais ampla, se n\u00f3s compreendemos isso as coisas todas come\u00e7am a andar bem melhor, \u00e9 uma abordagem bem mais potente.&#8221;<br>&#8211; Lama Padma Samten<\/p><\/blockquote>\n\n\n\n<p><\/p>\n\n\n\n<h4 class=\"wp-block-heading\">N\u00facleo Viva a Paz &#8211; GVE XXVII &#8211; SJCampos \/ SES<\/h4>\n\n\n\n<p id=\"org-description\">O N\u00facleo VIVA a Paz (N\u00facleo Regional de Preven\u00e7\u00e3o das Viol\u00eancias, Promo\u00e7\u00e3o da Sa\u00fade e Cultura de Paz) \u00e9 um espa\u00e7o para interlocu\u00e7\u00e3o com objetivo de integrar os diversos setores e institui\u00e7\u00f5es para refletir, trocar informa\u00e7\u00f5es e experi\u00eancias e fazer articula\u00e7\u00f5es colaborando para transformar a cultura da viol\u00eancia em cultura de paz.<br><br>Conhe\u00e7a o N\u00facleo Viva a Paz atrav\u00e9s do Facebook. Clique <a href=\"https:\/\/www.facebook.com\/nucleovivaapaz\">aqui.<\/a> <\/p>","protected":false},"excerpt":{"rendered":"<p>De 21 de setembro \u00e0 12 de outubro aconteceu o XI\u00ba Semin\u00e1rio Regional de Promo\u00e7\u00e3o da Sa\u00fade e Cultura de Paz, promovido pela Secretaria Estadual da Sa\u00fade atrav\u00e9s dos grupos de Vigil\u00e2ncia Epidemiol\u00f3gica e do N\u00facleo VIVA a PAZ de S\u00e3o Jos\u00e9 dos Campos. O tema abordado em 2020 foi &#8220;Tempos de ressignifica\u00e7\u00e3o, resili\u00eancia e [&hellip;]<\/p>\n","protected":false},"author":1,"featured_media":2722,"comment_status":"closed","ping_status":"open","sticky":false,"template":"","format":"video","meta":{"_themeisle_gutenberg_block_has_review":false,"_jetpack_memberships_contains_paid_content":false,"footnotes":""},"categories":[18,26,54],"tags":[],"class_list":["post-2720","post","type-post","status-publish","format-video","has-post-thumbnail","hentry","category-destaque","category-featured","category-saude-equilibrio","post_format-post-format-video"],"jetpack_featured_media_url":"","jetpack_sharing_enabled":true,"_links":{"self":[{"href":"https:\/\/acaoparamita.com.br\/en\/wp-json\/wp\/v2\/posts\/2720","targetHints":{"allow":["GET"]}}],"collection":[{"href":"https:\/\/acaoparamita.com.br\/en\/wp-json\/wp\/v2\/posts"}],"about":[{"href":"https:\/\/acaoparamita.com.br\/en\/wp-json\/wp\/v2\/types\/post"}],"author":[{"embeddable":true,"href":"https:\/\/acaoparamita.com.br\/en\/wp-json\/wp\/v2\/users\/1"}],"replies":[{"embeddable":true,"href":"https:\/\/acaoparamita.com.br\/en\/wp-json\/wp\/v2\/comments?post=2720"}],"version-history":[{"count":1,"href":"https:\/\/acaoparamita.com.br\/en\/wp-json\/wp\/v2\/posts\/2720\/revisions"}],"predecessor-version":[{"id":8127,"href":"https:\/\/acaoparamita.com.br\/en\/wp-json\/wp\/v2\/posts\/2720\/revisions\/8127"}],"wp:featuredmedia":[{"embeddable":true,"href":"https:\/\/acaoparamita.com.br\/en\/wp-json\/"}],"wp:attachment":[{"href":"https:\/\/acaoparamita.com.br\/en\/wp-json\/wp\/v2\/media?parent=2720"}],"wp:term":[{"taxonomy":"category","embeddable":true,"href":"https:\/\/acaoparamita.com.br\/en\/wp-json\/wp\/v2\/categories?post=2720"},{"taxonomy":"post_tag","embeddable":true,"href":"https:\/\/acaoparamita.com.br\/en\/wp-json\/wp\/v2\/tags?post=2720"}],"curies":[{"name":"wp","href":"https:\/\/api.w.org\/{rel}","templated":true}]}}