{"id":3136,"date":"2021-02-23T21:58:00","date_gmt":"2021-02-23T21:58:00","guid":{"rendered":"https:\/\/www.acaoparamita.com.br\/?p=3136"},"modified":"2023-03-27T08:18:43","modified_gmt":"2023-03-27T11:18:43","slug":"77-roda-de-conversa-a-primavera-da-envelhescencia","status":"publish","type":"post","link":"https:\/\/acaoparamita.com.br\/en\/77-roda-de-conversa-a-primavera-da-envelhescencia\/","title":{"rendered":"#77 Roda de Conversa | A Primavera da Envelhesc\u00eancia"},"content":{"rendered":"<p><iframe width=\"100%\" height=\"166\" scrolling=\"no\" frameborder=\"no\" allow=\"autoplay\" src=\"https:\/\/w.soundcloud.com\/player\/?url=https%3A\/\/api.soundcloud.com\/tracks\/992376904%3Fsecret_token%3Ds-Kg3mTdhESSD&#038;color=%23ff5500&#038;auto_play=false&#038;hide_related=false&#038;show_comments=true&#038;show_user=true&#038;show_reposts=false&#038;show_teaser=true\"><\/iframe><\/p>\n\n\n<p><iframe width=\"560\" height=\"315\" src=\"https:\/\/www.youtube.com\/embed\/yIJ2eNp3jqU\" frameborder=\"0\" allow=\"accelerometer; autoplay; clipboard-write; encrypted-media; gyroscope; picture-in-picture\" allowfullscreen><\/iframe><\/p>\n\n\n\n<h2 class=\"wp-block-heading\">Como a transi\u00e7\u00e3o entre a idade adulta e a velhice pode ser um caminho ativo de descoberta e florescimento? E qual o papel do velho tronco retorcido no surgir das flores e da Primavera, como nos aponta Mestre Dogen?<\/h2>\n\n\n\n<p>Pra falar sobre isso e muito mais, estamos recebendo no programa RODA DE CONVERSA #77 desta ter\u00e7a:<\/p>\n\n\n\n<p><strong>OLGA CURADO \/ @olga_curado<br><\/strong>Escritora, jornalista por quase 30 anos, atuou na grande imprensa, em jornais e na televis\u00e3o. Escreveu mais de uma dezena de livros sobre comunica\u00e7\u00e3o, contos, poesia e literatura infantil e comportamento. Desde 2001 atua no aconselhamento e desenvolvimento de lideran\u00e7as empresariais e pol\u00edticas, e na gest\u00e3o de crises de reputa\u00e7\u00e3o. Desenvolveu um m\u00e9todo de aprimoramento da comunica\u00e7\u00e3o interpessoal baseado na arte marcial Aikido, que pratica h\u00e1 mais de 20 anos, detendo a faixa preta &#8211; Sandan, terceiro grau -, cujo objetivo \u00e9 estabelecer a harmonia nas rela\u00e7\u00f5es entre as pessoas, mesmo em situa\u00e7\u00f5es dif\u00edceis, pela pr\u00e1tica do Grande Amor, como prescrevia o fundador do Aikid\u00f4, Morihei Ueshiba Sensei.<\/p>\n\n\n\n<p><strong>JORGE KOHO MELLO SENSEI (ZP) \/ @mellokoho<br><\/strong>Mon\u00e1stico Soto Zen ordenado em 2008 por Coen Roshi. Shusso no Jap\u00e3o por Kuroda Roshi &#8211; 2019, Sensei no Zen Peacemakers por Barbara Angyo Wegmuller Roshi (Su\u00ed\u00e7a)- 2018 e Genro Grover Roshi (USA)-2012. Lidera Retiros de Rua h\u00e1 v\u00e1rios anos, e participou pela 1a. vez no Retiro de Auschwitz em 2012, no qual atualmente atua como Oficiante budista, facilitador de Council e membro do Staff. Praticante de Aikido desde 1996 (faixa-preta 2.Dan\/grau).<\/p>\n\n\n\n<p><br><br><\/p>","protected":false},"excerpt":{"rendered":"<p>Como a transi\u00e7\u00e3o entre a idade adulta e a velhice pode ser um caminho ativo de descoberta e florescimento? E qual o papel do velho tronco retorcido no surgir das flores e da Primavera, como nos aponta Mestre Dogen? Pra falar sobre isso e muito mais, estamos recebendo no programa RODA DE CONVERSA #77 desta [&hellip;]<\/p>\n","protected":false},"author":1,"featured_media":3134,"comment_status":"closed","ping_status":"open","sticky":false,"template":"","format":"standard","meta":{"_themeisle_gutenberg_block_has_review":false,"_jetpack_memberships_contains_paid_content":false,"footnotes":""},"categories":[53],"tags":[],"class_list":["post-3136","post","type-post","status-publish","format-standard","has-post-thumbnail","hentry","category-roda-de-conversa"],"jetpack_featured_media_url":"","jetpack_sharing_enabled":true,"_links":{"self":[{"href":"https:\/\/acaoparamita.com.br\/en\/wp-json\/wp\/v2\/posts\/3136","targetHints":{"allow":["GET"]}}],"collection":[{"href":"https:\/\/acaoparamita.com.br\/en\/wp-json\/wp\/v2\/posts"}],"about":[{"href":"https:\/\/acaoparamita.com.br\/en\/wp-json\/wp\/v2\/types\/post"}],"author":[{"embeddable":true,"href":"https:\/\/acaoparamita.com.br\/en\/wp-json\/wp\/v2\/users\/1"}],"replies":[{"embeddable":true,"href":"https:\/\/acaoparamita.com.br\/en\/wp-json\/wp\/v2\/comments?post=3136"}],"version-history":[{"count":1,"href":"https:\/\/acaoparamita.com.br\/en\/wp-json\/wp\/v2\/posts\/3136\/revisions"}],"predecessor-version":[{"id":8095,"href":"https:\/\/acaoparamita.com.br\/en\/wp-json\/wp\/v2\/posts\/3136\/revisions\/8095"}],"wp:featuredmedia":[{"embeddable":true,"href":"https:\/\/acaoparamita.com.br\/en\/wp-json\/"}],"wp:attachment":[{"href":"https:\/\/acaoparamita.com.br\/en\/wp-json\/wp\/v2\/media?parent=3136"}],"wp:term":[{"taxonomy":"category","embeddable":true,"href":"https:\/\/acaoparamita.com.br\/en\/wp-json\/wp\/v2\/categories?post=3136"},{"taxonomy":"post_tag","embeddable":true,"href":"https:\/\/acaoparamita.com.br\/en\/wp-json\/wp\/v2\/tags?post=3136"}],"curies":[{"name":"wp","href":"https:\/\/api.w.org\/{rel}","templated":true}]}}