{"id":3145,"date":"2021-03-02T16:49:04","date_gmt":"2021-03-02T16:49:04","guid":{"rendered":"https:\/\/www.acaoparamita.com.br\/?p=3145"},"modified":"2023-03-27T08:18:43","modified_gmt":"2023-03-27T11:18:43","slug":"78-roda-de-conversa-fraternidade-e-a-unidade-em-diversidade","status":"publish","type":"post","link":"https:\/\/acaoparamita.com.br\/en\/78-roda-de-conversa-fraternidade-e-a-unidade-em-diversidade\/","title":{"rendered":"#78 Roda de Conversa | Fraternidade e a Unidade em Diversidade"},"content":{"rendered":"<p><iframe width=\"100%\" height=\"166\" scrolling=\"no\" frameborder=\"no\" allow=\"autoplay\" src=\"https:\/\/w.soundcloud.com\/player\/?url=https%3A\/\/api.soundcloud.com\/tracks\/1004199565&#038;color=%23ff5500&#038;auto_play=false&#038;hide_related=false&#038;show_comments=true&#038;show_user=true&#038;show_reposts=false&#038;show_teaser=true\"><\/iframe><\/p>\n\n\n<p><iframe width=\"560\" height=\"315\" src=\"https:\/\/www.youtube.com\/embed\/EPkuQxzamNk\" frameborder=\"0\" allow=\"accelerometer; autoplay; clipboard-write; encrypted-media; gyroscope; picture-in-picture\" allowfullscreen><\/iframe><\/p>\n\n\n\n<h2 class=\"wp-block-heading\">Com o tema &#8220;Fraternidade e Di\u00e1logo: Compromisso de Amor&#8221; a Campanha da Fraternidade Ecum\u00eanica 2021 convida &#8220;as comunidades de f\u00e9 e pessoas de boa vontade para pensar, avaliar e identificar caminhos para superar as polariza\u00e7\u00f5es e as viol\u00eancias atrav\u00e9s do di\u00e1logo amoroso testemunhando a unidade na diversidade.\u201d Assim, como di\u00e1logos ecum\u00eanicos e inter-religiosos podem contribuir para a constru\u00e7\u00e3o de uma sociedade mais democr\u00e1tica, inclusiva e plural?<\/h2>\n\n\n\n<p>Pra falar sobre isso e muito mais, estamos recebendo no programa RODA DE CONVERSA #78 desta ter\u00e7a:<\/p>\n\n\n\n<p><strong>REVERENDA LILIAN CONCEI\u00c7\u00c3O DA SILVA \/ @pastoralabraconegro<\/strong><br>Ativista feminista negra junto ao Centro Ecum\u00eanico de Cultura Negra (CECUNE); cl\u00e9riga integrante da Pastoral Abra\u00e7o Negro, da Diocese Meridional, da Igreja Episcopal Anglicana do Brasil (IEAB). Doutora em Teologia.<\/p>\n\n\n\n<p><strong>IVANA WARWICK \/ @ivanawarwick<\/strong><br>Mulher trans, profissional de TI e pastora da Igreja da Comunidade Metropolitana de S\u00e3o Paulo. Estudante diletante de teologia inclusiva e militante dos direitos das pessoas trans.<\/p>\n\n\n\n<p><br><br><\/p>","protected":false},"excerpt":{"rendered":"<p>Com o tema &#8220;Fraternidade e Di\u00e1logo: Compromisso de Amor&#8221; a Campanha da Fraternidade Ecum\u00eanica 2021 convida &#8220;as comunidades de f\u00e9 e pessoas de boa vontade para pensar, avaliar e identificar caminhos para superar as polariza\u00e7\u00f5es e as viol\u00eancias atrav\u00e9s do di\u00e1logo amoroso testemunhando a unidade na diversidade.\u201d Assim, como di\u00e1logos ecum\u00eanicos e inter-religiosos podem contribuir [&hellip;]<\/p>\n","protected":false},"author":1,"featured_media":3146,"comment_status":"closed","ping_status":"open","sticky":false,"template":"","format":"standard","meta":{"_themeisle_gutenberg_block_has_review":false,"_jetpack_memberships_contains_paid_content":false,"footnotes":""},"categories":[53],"tags":[],"class_list":["post-3145","post","type-post","status-publish","format-standard","has-post-thumbnail","hentry","category-roda-de-conversa"],"jetpack_featured_media_url":"","jetpack_sharing_enabled":true,"_links":{"self":[{"href":"https:\/\/acaoparamita.com.br\/en\/wp-json\/wp\/v2\/posts\/3145","targetHints":{"allow":["GET"]}}],"collection":[{"href":"https:\/\/acaoparamita.com.br\/en\/wp-json\/wp\/v2\/posts"}],"about":[{"href":"https:\/\/acaoparamita.com.br\/en\/wp-json\/wp\/v2\/types\/post"}],"author":[{"embeddable":true,"href":"https:\/\/acaoparamita.com.br\/en\/wp-json\/wp\/v2\/users\/1"}],"replies":[{"embeddable":true,"href":"https:\/\/acaoparamita.com.br\/en\/wp-json\/wp\/v2\/comments?post=3145"}],"version-history":[{"count":1,"href":"https:\/\/acaoparamita.com.br\/en\/wp-json\/wp\/v2\/posts\/3145\/revisions"}],"predecessor-version":[{"id":8094,"href":"https:\/\/acaoparamita.com.br\/en\/wp-json\/wp\/v2\/posts\/3145\/revisions\/8094"}],"wp:featuredmedia":[{"embeddable":true,"href":"https:\/\/acaoparamita.com.br\/en\/wp-json\/"}],"wp:attachment":[{"href":"https:\/\/acaoparamita.com.br\/en\/wp-json\/wp\/v2\/media?parent=3145"}],"wp:term":[{"taxonomy":"category","embeddable":true,"href":"https:\/\/acaoparamita.com.br\/en\/wp-json\/wp\/v2\/categories?post=3145"},{"taxonomy":"post_tag","embeddable":true,"href":"https:\/\/acaoparamita.com.br\/en\/wp-json\/wp\/v2\/tags?post=3145"}],"curies":[{"name":"wp","href":"https:\/\/api.w.org\/{rel}","templated":true}]}}