{"id":3168,"date":"2021-03-23T17:09:42","date_gmt":"2021-03-23T17:09:42","guid":{"rendered":"https:\/\/www.acaoparamita.com.br\/?p=3168"},"modified":"2023-03-27T08:18:10","modified_gmt":"2023-03-27T11:18:10","slug":"81-roda-de-conversa-o-legado-lutzenberger","status":"publish","type":"post","link":"https:\/\/acaoparamita.com.br\/en\/81-roda-de-conversa-o-legado-lutzenberger\/","title":{"rendered":"#81 Roda de Conversa | O Legado Lutzenberger"},"content":{"rendered":"<p><iframe width=\"100%\" height=\"166\" scrolling=\"no\" frameborder=\"no\" allow=\"autoplay\" src=\"https:\/\/w.soundcloud.com\/player\/?url=https%3A\/\/api.soundcloud.com\/tracks\/1014810895&#038;color=%23ff5500&#038;auto_play=false&#038;hide_related=false&#038;show_comments=true&#038;show_user=true&#038;show_reposts=false&#038;show_teaser=true\"><\/iframe><\/p>\n<div style=\"font-size: 10px; color: #cccccc;line-break: anywhere;word-break: normal;overflow: hidden;white-space: nowrap;text-overflow: ellipsis; font-family: Interstate,Lucida Grande,Lucida Sans Unicode,Lucida Sans,Garuda,Verdana,Tahoma,sans-serif;font-weight: 100;\"><a href=\"https:\/\/soundcloud.com\/acaoparamita\" title=\"A\u00e7\u00e3o Paramita\" target=\"_blank\" style=\"color: #cccccc; text-decoration: none;\" rel=\"noopener\">A\u00e7\u00e3o Paramita<\/a> \u00b7 <a href=\"https:\/\/soundcloud.com\/acaoparamita\/81-roda-de-conversa-o-legado-lutzenberger\" title=\"#81 Roda de Conversa | O Legado Lutzenberger\" target=\"_blank\" style=\"color: #cccccc; text-decoration: none;\" rel=\"noopener\">#81 Roda de Conversa | O Legado Lutzenberger<\/a><\/div>\n\n\n<p><iframe width=\"560\" height=\"315\" src=\"https:\/\/www.youtube.com\/embed\/C4kxT3vWX_w\" title=\"YouTube video player\" frameborder=\"0\" allow=\"accelerometer; autoplay; clipboard-write; encrypted-media; gyroscope; picture-in-picture\" allowfullscreen><\/iframe><\/p>\n\n\n\n<h2 class=\"wp-block-heading\">Se \u00e9 verdade que um povo que n\u00e3o conhece sua hist\u00f3ria est\u00e1 condenado \u00e0 repeti-la, que tal conhecer um pouco do homem e do trabalho de Jos\u00e9 Lutzenberger (agr\u00f4nomo, escritor, fil\u00f3sofo, paisagista e ambientalista brasileiro) atrav\u00e9s do depoimento de suas filhas e uma historiadora que, at\u00e9 hoje, ajudam \u00e0 preservar seu legado e torn\u00e1-lo significativo para as atuais e futuras gera\u00e7\u00f5es?<\/h2>\n\n\n\n<p>Pra falar sobre isso e muito mais, estamos recebendo no programa RODA DE CONVERSA #81 desta ter\u00e7a:<\/p>\n\n\n\n<p><strong>LARA LUTZENBERGER \/ @laralutzenberger @fundacaogaialegadolutz<\/strong><br>Filha do ambientalista Jos\u00e9 Lutzenberger, bi\u00f3loga, presidente da Funda\u00e7\u00e3o Gaia &#8211; Legado Lutzenberger e s\u00f3cia da empresa Vida Desenvolvimento Ecol\u00f3gico Ltda. Conhe\u00e7a + em <a href=\"http:\/\/www.fgaia.org.br\/?fbclid=IwAR1EP7afRzXrMGVneBaIBBsvbPpWBZmGexVc_zj1aisIHfDqwJaO0ULGTpk\" rel=\"noreferrer noopener\" target=\"_blank\">http:\/\/www.fgaia.org.br\/<\/a><\/p>\n\n\n\n<p><strong>LILLY LUTZENBERGER \/ @lilly_lutzenberger <\/strong><br>Filha do ecologista Jos\u00e9 Lutzenberger, bi\u00f3loga e organizadora do Acervo Jos\u00e9 Lutzenberger.<\/p>\n\n\n\n<p><strong>ELENITA MALTA PEREIRA \/ @elenitamalta @lutz_global<\/strong><br>Doutora em Hist\u00f3ria pela UFRGS, com tese sobre a \u00e9tica ecol\u00f3gica difundida sobre Jos\u00e9 Lutzenberger. Atualmente \u00e9 professora de Hist\u00f3ria na UNICENTRO. Conhe\u00e7a + em <a href=\"https:\/\/l.facebook.com\/l.php?u=http%3A%2F%2Fwww.lutzglobal.com.br%2F%3Ffbclid%3DIwAR0yvOheew2SOTQWMfWuPEpljAWydVE_OE4XSlMVwKxJ1eJbvnawaVYtwX0&amp;h=AT3ibZnJ3cY59hdpzHW1r9IrCjYoGPVFOLqxhSJwGfhea_AtITEVU4AhV6RpxeiDrhLmSFrqFRAZXedS68F6V-0ez-l73uHeKQwsugVQVbu7nP-1BtaquvaWTSxILMFWig&amp;__tn__=-UK-R&amp;c[0]=AT0g6nQJJ-sCtslZdgt4OLw2mFpibo9KBSls5pkwTLNE5pfPmhJIFeStZ2DqCE4VD8xoxY3JcM_OGnCsqAP7BZWwpVs_Mnek1YTjZPLDQLLR1XAqQe27lRMvGyN97I60u1d3QObzs8xhPIIefwFN1syViWV-_b6m8yiE_SOLQY63IMslrlV2BREfmqkhXTYp4p4c0RA\" rel=\"noreferrer noopener\" target=\"_blank\">www.lutzglobal.com.br<\/a><\/p>\n\n\n\n<p><br><br><\/p>\n","protected":false},"excerpt":{"rendered":"<p>Se \u00e9 verdade que um povo que n\u00e3o conhece sua hist\u00f3ria est\u00e1 condenado \u00e0 repeti-la, que tal conhecer um pouco do homem e do trabalho de Jos\u00e9 Lutzenberger (agr\u00f4nomo, escritor, fil\u00f3sofo, paisagista e ambientalista brasileiro) atrav\u00e9s do depoimento de suas filhas e uma historiadora que, at\u00e9 hoje, ajudam \u00e0 preservar seu legado e torn\u00e1-lo significativo [&hellip;]<\/p>\n","protected":false},"author":1,"featured_media":3169,"comment_status":"closed","ping_status":"open","sticky":false,"template":"","format":"standard","meta":{"_themeisle_gutenberg_block_has_review":false,"_jetpack_memberships_contains_paid_content":false,"footnotes":""},"categories":[53],"tags":[],"class_list":["post-3168","post","type-post","status-publish","format-standard","has-post-thumbnail","hentry","category-roda-de-conversa"],"jetpack_featured_media_url":"","jetpack_sharing_enabled":true,"_links":{"self":[{"href":"https:\/\/acaoparamita.com.br\/en\/wp-json\/wp\/v2\/posts\/3168","targetHints":{"allow":["GET"]}}],"collection":[{"href":"https:\/\/acaoparamita.com.br\/en\/wp-json\/wp\/v2\/posts"}],"about":[{"href":"https:\/\/acaoparamita.com.br\/en\/wp-json\/wp\/v2\/types\/post"}],"author":[{"embeddable":true,"href":"https:\/\/acaoparamita.com.br\/en\/wp-json\/wp\/v2\/users\/1"}],"replies":[{"embeddable":true,"href":"https:\/\/acaoparamita.com.br\/en\/wp-json\/wp\/v2\/comments?post=3168"}],"version-history":[{"count":1,"href":"https:\/\/acaoparamita.com.br\/en\/wp-json\/wp\/v2\/posts\/3168\/revisions"}],"predecessor-version":[{"id":8091,"href":"https:\/\/acaoparamita.com.br\/en\/wp-json\/wp\/v2\/posts\/3168\/revisions\/8091"}],"wp:featuredmedia":[{"embeddable":true,"href":"https:\/\/acaoparamita.com.br\/en\/wp-json\/"}],"wp:attachment":[{"href":"https:\/\/acaoparamita.com.br\/en\/wp-json\/wp\/v2\/media?parent=3168"}],"wp:term":[{"taxonomy":"category","embeddable":true,"href":"https:\/\/acaoparamita.com.br\/en\/wp-json\/wp\/v2\/categories?post=3168"},{"taxonomy":"post_tag","embeddable":true,"href":"https:\/\/acaoparamita.com.br\/en\/wp-json\/wp\/v2\/tags?post=3168"}],"curies":[{"name":"wp","href":"https:\/\/api.w.org\/{rel}","templated":true}]}}