{"id":3323,"date":"2021-04-27T11:27:00","date_gmt":"2021-04-27T11:27:00","guid":{"rendered":"https:\/\/www.acaoparamita.com.br\/?p=3323"},"modified":"2023-03-27T08:18:10","modified_gmt":"2023-03-27T11:18:10","slug":"86-roda-de-conversa-unindo-arte-budismo-e-cultura","status":"publish","type":"post","link":"https:\/\/acaoparamita.com.br\/en\/86-roda-de-conversa-unindo-arte-budismo-e-cultura\/","title":{"rendered":"#86 Roda de Conversa | Unindo Arte, Budismo e Cultura"},"content":{"rendered":"<p><iframe width=\"100%\" height=\"166\" scrolling=\"no\" frameborder=\"no\" allow=\"autoplay\" src=\"https:\/\/w.soundcloud.com\/player\/?url=https%3A\/\/api.soundcloud.com\/tracks\/1041051928&#038;color=%23ff5500&#038;auto_play=false&#038;hide_related=false&#038;show_comments=true&#038;show_user=true&#038;show_reposts=false&#038;show_teaser=true\"><\/iframe><\/p>\n<div style=\"font-size: 10px; color: #cccccc;line-break: anywhere;word-break: normal;overflow: hidden;white-space: nowrap;text-overflow: ellipsis; font-family: Interstate,Lucida Grande,Lucida Sans Unicode,Lucida Sans,Garuda,Verdana,Tahoma,sans-serif;font-weight: 100;\"><a href=\"https:\/\/soundcloud.com\/acaoparamita\" title=\"A\u00e7\u00e3o Paramita\" target=\"_blank\" style=\"color: #cccccc; text-decoration: none;\" rel=\"noopener\">A\u00e7\u00e3o Paramita<\/a> \u00b7 <a href=\"https:\/\/soundcloud.com\/acaoparamita\/86-roda-de-conversa-unindo-arte-budismo-e-cultura\" title=\"#86 Roda de Conversa | Unindo Arte, Budismo e Cultura\" target=\"_blank\" style=\"color: #cccccc; text-decoration: none;\" rel=\"noopener\">#86 Roda de Conversa | Unindo Arte, Budismo e Cultura<\/a><\/div>\n\n\n<p><iframe width=\"560\" height=\"315\" src=\"https:\/\/www.youtube.com\/embed\/Q-dASdP1HOE\" title=\"YouTube video player\" frameborder=\"0\" allow=\"accelerometer; autoplay; clipboard-write; encrypted-media; gyroscope; picture-in-picture\" allowfullscreen><\/iframe><\/p>\n\n\n\n<h2 class=\"wp-block-heading\">Faz mais de 2.500 anos que o Budismo vem influenciando a arte e a cultura dos lugares por onde passa. Como isto vem acontecendo no Brasil? Como a arte pode ajudar na constru\u00e7\u00e3o de uma cultura de paz, com compaix\u00e3o e lucidez?<\/h2>\n\n\n\n<p>Pra falar sobre isso e muito mais, estamos recebendo no programa RODA DE CONVERSA #86 desta ter\u00e7a:<\/p>\n\n\n\n<p><strong>CL\u00c1UDIA MISSURA \/ @claudiamissura <\/strong><br>Atriz formada pela EAD\/ECA\/USP. Recentemente fez o filmes &#8220;P\u00e9rola&#8221;, dirigido por Murilo Ben\u00edcio (ainda n\u00e3o lan\u00e7ado) e &#8220;Hebe, o filme&#8221;, dirigido por Mauricio Farias. Atuou em diversas s\u00e9ries, novelas e especiais da Rede Globo (Mister Brau, Avenida Brasil, J\u00f3ia Rara, A Favorita, A Grande Fam\u00edlia, A Diarista e Casos &amp; Acasos, etc) e participou do &#8220;De Perto Ningu\u00e9m \u00e9 Normal&#8221; da GNT. Trabalhou em pe\u00e7as como PRETOPERITAMAR, O Avarento, etc. Integra a Banda MIRIM e realizou com ela os espet\u00e1culos: Buda; Sapecado; Felizardo (indicada ao pr\u00eamio Femsa de melhor atriz em 2005); O Menino Teresa (ganhando o pr\u00eamio Femsa de melhor atriz em 2008); Espoleta (em 2010, ganha o pr\u00eamio Femsa de melhor atriz). Tamb\u00e9m com a Banda Mirim fez os espet\u00e1culos R\u00e1dio Show, O Fantasma do Som e Festa.<\/p>\n\n\n\n<p><strong>MARCELO ROMAGNOLI \/ @bandamirim @mar8ceu<\/strong><br>Dramaturgo e diretor de teatro, atuando na cidade de S\u00e2o Paulo desde 1994. \u00c9 formado em Dire\u00e7\u00e3o Teatral pela ECA\/USP e Hist\u00f3ria da Arte pelo Instituto Lorenzo de M\u00e9dice em Floren\u00e7a-It\u00e1lia. Recebeu nos \u00faltimos anos os mais importantes pr\u00eamios do setor. \u00c9 diretor da Banda Mirim, grupo que estreou em 2018, com sucesso, o musical Buda. Tem seis livros publicados e mais de 30 textos encenados.<\/p>\n\n\n\n<p><strong>MAX SAWAYA \/ @associacaobuda @instituto.pramana @maxsawaya<\/strong><br>Professor de Teologia Budista no Instituto Pramana e mestrando em Ci\u00eancias da Religi\u00e3o na \u00e1rea de Linguagens da Religi\u00e3o. Graduado em Educa\u00e7\u00e3o Art\u00edstica, leciona a disciplina de Arte na Prefeitura Municipal de Campinas, onde mant\u00e9m um projeto audiovisual com adolescentes.<\/p>\n\n\n\n<p><br><br><\/p>","protected":false},"excerpt":{"rendered":"<p>Faz mais de 2.500 anos que o Budismo vem influenciando a arte e a cultura dos lugares por onde passa. Como isto vem acontecendo no Brasil? Como a arte pode ajudar na constru\u00e7\u00e3o de uma cultura de paz, com compaix\u00e3o e lucidez? Pra falar sobre isso e muito mais, estamos recebendo no programa RODA DE [&hellip;]<\/p>\n","protected":false},"author":1,"featured_media":3324,"comment_status":"closed","ping_status":"open","sticky":false,"template":"","format":"standard","meta":{"_themeisle_gutenberg_block_has_review":false,"_jetpack_memberships_contains_paid_content":false,"footnotes":""},"categories":[53],"tags":[],"class_list":["post-3323","post","type-post","status-publish","format-standard","has-post-thumbnail","hentry","category-roda-de-conversa"],"jetpack_featured_media_url":"","jetpack_sharing_enabled":true,"_links":{"self":[{"href":"https:\/\/acaoparamita.com.br\/en\/wp-json\/wp\/v2\/posts\/3323","targetHints":{"allow":["GET"]}}],"collection":[{"href":"https:\/\/acaoparamita.com.br\/en\/wp-json\/wp\/v2\/posts"}],"about":[{"href":"https:\/\/acaoparamita.com.br\/en\/wp-json\/wp\/v2\/types\/post"}],"author":[{"embeddable":true,"href":"https:\/\/acaoparamita.com.br\/en\/wp-json\/wp\/v2\/users\/1"}],"replies":[{"embeddable":true,"href":"https:\/\/acaoparamita.com.br\/en\/wp-json\/wp\/v2\/comments?post=3323"}],"version-history":[{"count":1,"href":"https:\/\/acaoparamita.com.br\/en\/wp-json\/wp\/v2\/posts\/3323\/revisions"}],"predecessor-version":[{"id":8085,"href":"https:\/\/acaoparamita.com.br\/en\/wp-json\/wp\/v2\/posts\/3323\/revisions\/8085"}],"wp:featuredmedia":[{"embeddable":true,"href":"https:\/\/acaoparamita.com.br\/en\/wp-json\/"}],"wp:attachment":[{"href":"https:\/\/acaoparamita.com.br\/en\/wp-json\/wp\/v2\/media?parent=3323"}],"wp:term":[{"taxonomy":"category","embeddable":true,"href":"https:\/\/acaoparamita.com.br\/en\/wp-json\/wp\/v2\/categories?post=3323"},{"taxonomy":"post_tag","embeddable":true,"href":"https:\/\/acaoparamita.com.br\/en\/wp-json\/wp\/v2\/tags?post=3323"}],"curies":[{"name":"wp","href":"https:\/\/api.w.org\/{rel}","templated":true}]}}