{"id":642,"date":"2019-11-05T20:55:34","date_gmt":"2019-11-05T20:55:34","guid":{"rendered":"http:\/\/www.acaoparamita.com.br\/?p=642"},"modified":"2023-03-27T08:20:16","modified_gmt":"2023-03-27T11:20:16","slug":"tolerancia-religiosa-e-cultura-de-paz-sao-celebrados-em-sete-anos-do-forum-dialogos","status":"publish","type":"post","link":"https:\/\/acaoparamita.com.br\/en\/tolerancia-religiosa-e-cultura-de-paz-sao-celebrados-em-sete-anos-do-forum-dialogos\/","title":{"rendered":"Toler\u00e2ncia religiosa e cultura de paz s\u00e3o celebrados em sete anos do F\u00f3rum Di\u00e1logos"},"content":{"rendered":"<div class=\"column small-12 medium-10 xlarge-11 js-responsive-iframes-container\">\n<div class=\"c-article-content js-article-content article__content selectionShareable\">\n<div class=\"column small-12 medium-10 xlarge-11 js-responsive-iframes-container\">\n<div class=\"c-article-content js-article-content article__content selectionShareable\">\n<div>Para celebrar o anivers\u00e1rio de sete anos do F\u00f3rum Di\u00e1logos, ser\u00e1 realizado um encontro com dan\u00e7as, debates e rodas de di\u00e1logo, no pr\u00f3ximo dia 12 de novembro, no Sinspire, localizado no Bairro do Recife, \u00e1rea central do Recife. O coletivo existe desde 2012 com a miss\u00e3o de fomentar a constru\u00e7\u00e3o de uma cultura de toler\u00e2ncia e paz entre as mais de 12 religi\u00f5es presentes no estado de Pernambuco. Como parte da programa\u00e7\u00e3o, est\u00e1 a discuss\u00e3o sobre o tema Desafios da Intoler\u00e2ncia e do Di\u00e1logo, tendo como palestrante o professor da Universidade Federal da Para\u00edba (UFPB) Carlos Andr\u00e9 Cavalcanti, al\u00e9m dos debatedores o professor da Unicap Gilbraz Arag\u00e3o, advogada representante da comiss\u00e3o de Direitos e Liberdade da OAB Maria Am\u00e9lia Calado e a conselheira da Uni\u00e3o do Juda\u00edsmo Reformista da Am\u00e9rica Latina Ida Katz.\u00a0<\/div>\n<div>\u00a0<\/div>\n<div>\u201cO F\u00f3rum Di\u00e1logos foi uma iniciativa de um promotor do Minist\u00e9rio P\u00fablico de Pernambuco, que at\u00e9 2011 recebia in\u00fameras den\u00fancias de intoler\u00e2ncia religiosa, sobretudo as de matrizes africanas. Como o MPPE sentia dificuldade em dar sequ\u00eancia aos inqu\u00e9ritos por falta de provas, as lideran\u00e7as religiosas do estado foram chamadas a criar esse coletivo com o objetivo de enaltecer a toler\u00e2ncia e discutir a paz. Em dezembro de 2011, nos reunimos e em 2012 foi criado esse coletivo para apoiar e defender o direito das religi\u00f5es que se sentem amea\u00e7adas\u201d, contou a representante do budismo tibetano em Pernambuco e membro a comiss\u00e3o executiva do F\u00f3rum Di\u00e1logos, Floridalva Cavalcanti. Desde ent\u00e3o, os participantes do coletivo realizam uma s\u00e9rie de a\u00e7\u00f5es, a maioria delas de cunho educativo, com palestras em escolas e debates em semin\u00e1rios nas universidades estaduais. \u201cDentro do f\u00f3rum, temos representantes da \u00e1rea de ensino religioso da Secretaria estadual de Educa\u00e7\u00e3o, do Museu das Religi\u00f5es, entre outras institui\u00e7\u00f5es. E nos encontramos mensalmente para dialogar, nos contrapondo a todo sentimento de intoler\u00e2ncia. Temos em andamento o projeto de um livro e somos membro da Comiss\u00e3o dos Direitos e Liberdades da Ordem dos Advogados do Brasil Seccional Pernambuco (OAB-PE)\u201d, explicou Floridalva.\u00a0<\/div>\n<div>\u00a0<\/div>\n<div>O Pai Edson de Omulu foi uma das v\u00edtimas da intoler\u00e2ncia religiosa em 2017 e hoje \u00e9 um dos membros da comiss\u00e3o executiva. \u201cNaquele ano, um vizinho fez uma s\u00e9rie de queixas \u00e0 delegacia de pol\u00edcia e ao MPPE, contra nosso terreiro em \u00c1guas Compridas, Olinda, alegando perturba\u00e7\u00e3o do sossego. Al\u00e9m disso, ele interrompia cerim\u00f4nias com peda\u00e7os de pau e chegou a apagar uma fogueira que acendemos pra Xang\u00f4. E na nossa rua temos vizinhos evang\u00e9licos, cat\u00f3licos, esp\u00edritos e todos se respeitam, menos esse. Durante o processo, foram ouvidos n\u00e3o apenas os filhos de santo como tamb\u00e9m os pr\u00f3prios moradores da rua, que depuseram contra esse vizinho e foi pedida a condena\u00e7\u00e3o dele. O resultado foi a publica\u00e7\u00e3o de uma recomenda\u00e7\u00e3o do MPPE para que as promotorias de justi\u00e7a n\u00e3o acatassem esse tipo de den\u00fancia motivada pelo preconceito\u201d, contou Pai Edson.\u00a0<\/div>\n<div>\u00a0<\/div>\n<div>Segundo o sacerdote umbanda, diante dos epis\u00f3dios de dor, \u201co f\u00f3rum se tornou um b\u00e1lsamo\u201d para ele e para todo o terreiro do qual faz parte. \u201cQuando essa viol\u00eancia nos atingiu e eu conheci os integrantes do F\u00f3rum Di\u00e1logos, entendi que o preconceito n\u00e3o apenas nos atingia. E que para realizar alguma mudan\u00e7a, era preciso construir em rede. Foi quando come\u00e7amos a dialogar com evang\u00e9licos, esp\u00edritas, cat\u00f3licos e hoje s\u00e3o irm\u00e3os nossos, porque entendemos que cada um de n\u00f3s nos encontramos com o Criador atrav\u00e9s de um nome diferente. E que \u00e9 mais frut\u00edfero promover a toler\u00e2ncia do que reagir \u00e0 intoler\u00e2ncia. O fato de dialogarmos e frequentarmos o espa\u00e7o do outro \u00e9 uma forma de mostrar que \u00e9 poss\u00edvel se olhar, se respeitar e se amar na diferen\u00e7a. Sobretudo neste momento que o pa\u00eds est\u00e1 vivendo, \u00e9 preciso defender o direito do outro\u201d, colocou Pai Edson de Omulu.\u00a0<\/div>\n<div>\u00a0<\/div>\n<div>De acordo com Floridalva, o encerramento do encontro do dia 12, que acontece das 9h \u00e0s 17h, ser\u00e1 com o Esquentando Cora\u00e7\u00f5es: Dan\u00e7as Circulares Sagradas, guiado por Gustavo Albuquerque, e com uma cerim\u00f4nia do Hare Krishna. \u201cN\u00f3s acolhemos religi\u00f5es, movimentos espiritualistas e pessoas da sociedade que tenham como prop\u00f3sito a cultura de paz. E as dan\u00e7as circulares representam essa comunh\u00e3o porque s\u00e3o movimentos milenares, tradicionais da humanidade\u201d, explicou Floridalva.\u00a0<\/div>\n<\/div>\n<\/div>\n<\/div>\n<\/div>\n<div>\u00a0<\/div>\n<div>Fonte: <a href=\"https:\/\/www.diariodepernambuco.com.br\/noticia\/vidaurbana\/2019\/11\/tolerancia-religiosa-e-cultura-de-paz-sao-celebrados-em-sete-anos-do-f.html\" target=\"_blank\" rel=\"noopener noreferrer\">Di\u00e1rio de Pernambuco<\/a><\/div>\n<div>\u00a0<\/div>\n\n\n<p><\/p>","protected":false},"excerpt":{"rendered":"<p>Para celebrar o anivers\u00e1rio de sete anos do F\u00f3rum Di\u00e1logos, ser\u00e1 realizado um encontro com dan\u00e7as, debates e rodas de di\u00e1logo, no pr\u00f3ximo dia 12 de novembro, no Sinspire, localizado no Bairro do Recife, \u00e1rea central do Recife. O coletivo existe desde 2012 com a miss\u00e3o de fomentar a constru\u00e7\u00e3o de uma cultura de toler\u00e2ncia [&hellip;]<\/p>\n","protected":false},"author":1,"featured_media":643,"comment_status":"closed","ping_status":"open","sticky":false,"template":"","format":"standard","meta":{"_themeisle_gutenberg_block_has_review":false,"_jetpack_memberships_contains_paid_content":false,"footnotes":""},"categories":[9,23,33],"tags":[],"class_list":["post-642","post","type-post","status-publish","format-standard","has-post-thumbnail","hentry","category-auto-organizacao","category-esperitualidade","category-inspiracao"],"jetpack_featured_media_url":"https:\/\/i0.wp.com\/acaoparamita.com.br\/wp-content\/uploads\/2019\/11\/forumdialogos7anos.jpg?fit=700%2C450&ssl=1","jetpack_sharing_enabled":true,"_links":{"self":[{"href":"https:\/\/acaoparamita.com.br\/en\/wp-json\/wp\/v2\/posts\/642","targetHints":{"allow":["GET"]}}],"collection":[{"href":"https:\/\/acaoparamita.com.br\/en\/wp-json\/wp\/v2\/posts"}],"about":[{"href":"https:\/\/acaoparamita.com.br\/en\/wp-json\/wp\/v2\/types\/post"}],"author":[{"embeddable":true,"href":"https:\/\/acaoparamita.com.br\/en\/wp-json\/wp\/v2\/users\/1"}],"replies":[{"embeddable":true,"href":"https:\/\/acaoparamita.com.br\/en\/wp-json\/wp\/v2\/comments?post=642"}],"version-history":[{"count":1,"href":"https:\/\/acaoparamita.com.br\/en\/wp-json\/wp\/v2\/posts\/642\/revisions"}],"predecessor-version":[{"id":8253,"href":"https:\/\/acaoparamita.com.br\/en\/wp-json\/wp\/v2\/posts\/642\/revisions\/8253"}],"wp:featuredmedia":[{"embeddable":true,"href":"https:\/\/acaoparamita.com.br\/en\/wp-json\/wp\/v2\/media\/643"}],"wp:attachment":[{"href":"https:\/\/acaoparamita.com.br\/en\/wp-json\/wp\/v2\/media?parent=642"}],"wp:term":[{"taxonomy":"category","embeddable":true,"href":"https:\/\/acaoparamita.com.br\/en\/wp-json\/wp\/v2\/categories?post=642"},{"taxonomy":"post_tag","embeddable":true,"href":"https:\/\/acaoparamita.com.br\/en\/wp-json\/wp\/v2\/tags?post=642"}],"curies":[{"name":"wp","href":"https:\/\/api.w.org\/{rel}","templated":true}]}}