{"id":664,"date":"2019-11-11T18:36:46","date_gmt":"2019-11-11T18:36:46","guid":{"rendered":"http:\/\/www.acaoparamita.com.br\/?p=664"},"modified":"2023-03-27T08:20:15","modified_gmt":"2023-03-27T11:20:15","slug":"a-virada-do-dalai-lama-as-reencarnacoes-acabaram","status":"publish","type":"post","link":"https:\/\/acaoparamita.com.br\/en\/a-virada-do-dalai-lama-as-reencarnacoes-acabaram\/","title":{"rendered":"A virada do Dalai Lama: \u201cAs reencarna\u00e7\u00f5es acabaram\u201d"},"content":{"rendered":"<p style=\"text-align:right\">Por Raimondo Bultrini <\/p>\n\n\n<div class=\"column small-12 medium-10 xlarge-11 js-responsive-iframes-container\">\n<div class=\"c-article-content js-article-content article__content selectionShareable\">\n<div class=\"column small-12 medium-10 xlarge-11 js-responsive-iframes-container\">\n<div class=\"c-article-content js-article-content article__content selectionShareable\">\n<p>Os estudantes que vieram ouvi-lo na <strong>\u00cdndia<\/strong> do <strong>But\u00e3o<\/strong>, onde s\u00e3o preservadas as formas antigas do <a href=\"http:\/\/www.ihu.unisinos.br\/540664\" target=\"_blank\" rel=\"noopener noreferrer\">budismo tibetano<\/a>\u00a0ficaram at\u00f4nitos quando o <strong>XIV Dalai Lama<\/strong> pela primeira vez demoliu explicitamente o mito secular das &#8220;<strong>Reencarna\u00e7\u00f5es<\/strong>&#8220;. Em um discurso de duas horas, disse que todo o sistema tibetano \u00e9 baseado em uma heran\u00e7a feudal dominada por &#8220;reencarnados&#8221; &#8211; ou tulkus &#8211; que nem sempre est\u00e3o \u00e0 altura e sobre alguns dos quais sente &#8220;vergonha&#8221;. Uma virada, esta dele, mais pol\u00edtica do que religiosa.<\/p>\n<p>Para a limpeza hist\u00f3rica, o <strong>Dalai Lama<\/strong> pretende come\u00e7ar com sua linhagem como rei-monge e uma tradi\u00e7\u00e3o que v\u00ea sua figura no trono desde 1642, para remover dos novos senhores do <strong>Tibete<\/strong> qualquer pretexto para substitu\u00ed-lo oficiosamente. J\u00e1 tr\u00eas anos atr\u00e1s no <strong>New York Times<\/strong>, o Dalai, quase com o jarg\u00e3o dos ex-inimigos <strong>mao\u00edstas<\/strong>, disse: &#8220;Todas as institui\u00e7\u00f5es religiosas, incluindo o <strong>Dalai Lama<\/strong>, se desenvolveram em circunst\u00e2ncias feudais, corrompidas por sistemas hier\u00e1rquicos, e come\u00e7aram a discriminar entre homens e mulheres; chegaram a compromissos culturais com leis semelhantes \u00e0 <a href=\"http:\/\/www.ihu.unisinos.br\/534768\" target=\"_blank\" rel=\"noopener noreferrer\">Sharia<\/a>\u00a0e ao sistema de castas. Portanto, (comigo), a institui\u00e7\u00e3o do Dalai Lama, com orgulho, voluntariamente, terminou&#8221;.<\/p>\n<p>Ele j\u00e1 havia dito as mesmas coisas em seu pr\u00e9-testamento, datado de 2011, quando completou 76 anos: &#8220;Na medida em que a era degenerada progride &#8211; ele escreveu &#8211; &#8230; mais e mais reencarna\u00e7\u00f5es de altos lamas s\u00e3o reconhecidas, algumas por raz\u00f5es pol\u00edticas&#8221; e &#8220;com meios inapropriados e question\u00e1veis&#8221;, como a lei do governo para &#8220;certificar os Budas vivos&#8221;.<\/p>\n<p>O l\u00edder espiritual dos tibetanos \u00e9 apenas o mais famoso entre os cerca de 500 &#8220;<strong>tulkus<\/strong>&#8221; de uma das 4 escolas do budismo tibetano, onde tal reconhecimento \u00e9 concedido a homens e (raras) mulheres capazes de escolher hora, local e futuros pais dignos, gra\u00e7as ao poder de ora\u00e7\u00f5es e a\u00e7\u00f5es merit\u00f3rias. Mas, depois de lembrar aos estudantes que o t\u00edtulo de reencarnado nunca existiu na <strong>\u00cdndia<\/strong> de <strong>Buda Sakyamuni<\/strong>, o <strong>Dalai<\/strong> atribuiu tamb\u00e9m \u00e0 sua ignor\u00e2ncia dos modelos democr\u00e1ticos ocidentais o erro de acreditar quando jovem no sistema da casta dos <strong>tulkus<\/strong>.<\/p>\n<p>&#8220;As institui\u00e7\u00f5es devem ser de propriedade das pessoas, n\u00e3o de um indiv\u00edduo, como minha pr\u00f3pria institui\u00e7\u00e3o, o of\u00edcio do <strong>Dalai Lama<\/strong>&#8220;, que deveria &#8220;terminar, ou pelo menos mudar com os tempos que mudam&#8221;. No pr\u00e9-testamento espiritual, dedica nove p\u00e1ginas densas ao dia em que n\u00e3o mais estar\u00e1 aqui. Falta apenas a \u00faltima parte, quando (hoje ainda com 84 anos) ele alcan\u00e7ar\u00e1 a meta otimista que estabeleceu para si mesmo. &#8220;Com cerca de noventa anos &#8211; escreveu &#8211; consultarei os altos lamas das tradi\u00e7\u00f5es budistas tibetanas, o nosso povo e outras pessoas que seguem o budismo tibetano (n\u00e3o excluindo estrangeiros, ndr) e reavaliarei se a institui\u00e7\u00e3o do <strong>Dalai Lama<\/strong> deva continuar ou n\u00e3o&#8221;.<\/p>\n<p>The <strong>Dalai<\/strong> esclarece que a decis\u00e3o decisiva para cada candidato ao seu posto ainda ser\u00e1 tomada com a opini\u00e3o de uma <strong>divindade feminina<\/strong> chamada <strong>Palden Lhamo<\/strong>. Diante da imagem sagrada ou <em>thangka<\/em> herdada do V predecessor, a cerim\u00f4nia de adivinha\u00e7\u00e3o ser\u00e1 celebrada com v\u00e1rias bolas de farinha giradas pela m\u00e9dium para extrair a previs\u00e3o correta, geralmente de forma cr\u00edptica. Somente assim o resultado teria valor.<\/p>\n<p>Mas o <a href=\"http:\/\/www.ihu.unisinos.br\/582719\" target=\"_blank\" rel=\"noopener noreferrer\">Partido Comunista<\/a>\u00a0j\u00e1 anunciou que usar\u00e1 um m\u00e9todo diferente: a extra\u00e7\u00e3o de palitos de madeira de uma pretensiosa urna de ouro j\u00e1 usada para nomear h\u00e1 24 anos o <strong>Panchen Lama<\/strong>, figura n\u00famero 2 do <strong>budismo tibetano<\/strong> e hoje chefe de <strong>Assuntos Religiosos do partido no Tibete<\/strong>. Poucas pessoas sabem que a extrair o palito com o nome do XV poderiam ser os sacerdotes seguidores de um &#8220;ser&#8221; inimigo do Dalai h\u00e1 nove gera\u00e7\u00f5es, um &#8220;<strong>Protetor<\/strong>&#8221; n\u00e3o vinculado ao &#8220;juramento sagrado&#8221;, t\u00e3o controverso que o l\u00edder tibetano o definiu um &#8220;dem\u00f4nio&#8221;, talvez o esp\u00edrito vingativo de um ex-sumo sacerdote que reivindicava para si o t\u00edtulo de <strong>Quinto Dalai Lama<\/strong> s\u00e9culos atr\u00e1s.<\/p>\n<p>Entre as solu\u00e7\u00f5es prospectadas em seu Testamento, o <strong>Dalai Lama<\/strong> fala da possibilidade de projetar uma sua pr\u00f3pria &#8220;emana\u00e7\u00e3o&#8221; na mente de um lama &#8220;vivo&#8221;, um s\u00e1bio ou um jovem selecionado. N\u00e3o exclui teoricamente nem mesmo a hip\u00f3tese sobre a qual ele mesmo brincou, ou seja, renascer mulher e com um &#8220;corpo atraente&#8221;. Mas a terceira op\u00e7\u00e3o parece mais s\u00e9ria: uma elei\u00e7\u00e3o como a da C\u00faria que elege o papa, tomando como garantida a interven\u00e7\u00e3o do Esp\u00edrito Santo.<\/p>\n<p>(A reportagem foi originalmente publicada por <strong>La Repubblica<\/strong>, 31-10-2019. A tradu\u00e7\u00e3o \u00e9 de <strong>Luisa Rabolini<\/strong>.)<\/p>\n<\/div>\n<\/div>\n<\/div>\n<\/div>\n<div>\u00a0<\/div>\n<div>Fonte: <a href=\"http:\/\/www.ihu.unisinos.br\/78-noticias\/594046-a-virada-do-dalai-lama-as-reencarnacoes-acabaram\" target=\"_blank\" rel=\"noopener noreferrer\">Instituto Humanitas Unisinos<\/a><\/div>\n<div>\u00a0<\/div>\n\n\n<p><\/p>","protected":false},"excerpt":{"rendered":"<p>Por Raimondo Bultrini Os estudantes que vieram ouvi-lo na \u00cdndia do But\u00e3o, onde s\u00e3o preservadas as formas antigas do budismo tibetano\u00a0ficaram at\u00f4nitos quando o XIV Dalai Lama pela primeira vez demoliu explicitamente o mito secular das &#8220;Reencarna\u00e7\u00f5es&#8220;. Em um discurso de duas horas, disse que todo o sistema tibetano \u00e9 baseado em uma heran\u00e7a feudal [&hellip;]<\/p>\n","protected":false},"author":1,"featured_media":665,"comment_status":"closed","ping_status":"open","sticky":false,"template":"","format":"standard","meta":{"_themeisle_gutenberg_block_has_review":false,"_jetpack_memberships_contains_paid_content":false,"footnotes":""},"categories":[23],"tags":[],"class_list":["post-664","post","type-post","status-publish","format-standard","has-post-thumbnail","hentry","category-esperitualidade"],"jetpack_featured_media_url":"https:\/\/i0.wp.com\/acaoparamita.com.br\/wp-content\/uploads\/2019\/11\/04-11-2019-dalai-lama-monge-tibet_yanchosabev_wikicommons.jpg?fit=1200%2C400&ssl=1","jetpack_sharing_enabled":true,"_links":{"self":[{"href":"https:\/\/acaoparamita.com.br\/en\/wp-json\/wp\/v2\/posts\/664","targetHints":{"allow":["GET"]}}],"collection":[{"href":"https:\/\/acaoparamita.com.br\/en\/wp-json\/wp\/v2\/posts"}],"about":[{"href":"https:\/\/acaoparamita.com.br\/en\/wp-json\/wp\/v2\/types\/post"}],"author":[{"embeddable":true,"href":"https:\/\/acaoparamita.com.br\/en\/wp-json\/wp\/v2\/users\/1"}],"replies":[{"embeddable":true,"href":"https:\/\/acaoparamita.com.br\/en\/wp-json\/wp\/v2\/comments?post=664"}],"version-history":[{"count":1,"href":"https:\/\/acaoparamita.com.br\/en\/wp-json\/wp\/v2\/posts\/664\/revisions"}],"predecessor-version":[{"id":8250,"href":"https:\/\/acaoparamita.com.br\/en\/wp-json\/wp\/v2\/posts\/664\/revisions\/8250"}],"wp:featuredmedia":[{"embeddable":true,"href":"https:\/\/acaoparamita.com.br\/en\/wp-json\/wp\/v2\/media\/665"}],"wp:attachment":[{"href":"https:\/\/acaoparamita.com.br\/en\/wp-json\/wp\/v2\/media?parent=664"}],"wp:term":[{"taxonomy":"category","embeddable":true,"href":"https:\/\/acaoparamita.com.br\/en\/wp-json\/wp\/v2\/categories?post=664"},{"taxonomy":"post_tag","embeddable":true,"href":"https:\/\/acaoparamita.com.br\/en\/wp-json\/wp\/v2\/tags?post=664"}],"curies":[{"name":"wp","href":"https:\/\/api.w.org\/{rel}","templated":true}]}}