{"id":704,"date":"2019-11-18T14:07:14","date_gmt":"2019-11-18T14:07:14","guid":{"rendered":"http:\/\/www.acaoparamita.com.br\/?p=704"},"modified":"2023-03-27T08:20:15","modified_gmt":"2023-03-27T11:20:15","slug":"dia-da-consciencia-negra-entenda-o-feriado-do-dia-20-de-setembro","status":"publish","type":"post","link":"https:\/\/acaoparamita.com.br\/en\/dia-da-consciencia-negra-entenda-o-feriado-do-dia-20-de-setembro\/","title":{"rendered":"Dia da Consci\u00eancia Negra: Entenda o feriado do dia 20 de Setembro"},"content":{"rendered":"<p style=\"text-align:right\">por FALA!UNIVERSIDADES<\/p>\n\n\n<p class=\"bodytext\">The <strong>Dia da Consci\u00eancia Negra<\/strong>, tamb\u00e9m conhecido como <strong>Dia de Zumbi dos Palmares<\/strong>, \u00e9 comemorado no dia <strong>20 de novembro<\/strong> e foi institu\u00eddo oficialmente pela Lei n\u00ba 12.519, no dia 10 de novembro de 2011. O feriado remete a morte do Zumbi dos Palmares, importante figura de resist\u00eancia negra na \u00e9poca do Brasil Colonial, al\u00e9m de a ocasi\u00e3o aclamar a inser\u00e7\u00e3o do\u00a0negro na sociedade brasileira.<\/p>\n<p>O primeiro Estado a considerar o Dia da Consci\u00eancia Negra um feriado foi o Alagoas, em 1955, terra natal do Zumbi Dos Palmares. A representa\u00e7\u00e3o do dia ganhou for\u00e7a a partir de 1978, quando surgiu o Movimento Negro Unificado (MNU) no pa\u00eds, e transformou a figura de Zumbi como um s\u00edmbolo da luta e resist\u00eancia dos negros escravizados.<\/p>\n<figure id=\"attachment_706\" aria-describedby=\"caption-attachment-706\" style=\"width: 777px\" class=\"wp-caption aligncenter\"><img data-recalc-dims=\"1\" fetchpriority=\"high\" decoding=\"async\" class=\"size-full wp-image-706\" src=\"https:\/\/i0.wp.com\/www.acaoparamita.com.br\/wp-content\/uploads\/2019\/11\/negra.jpeg?resize=777%2C437\" alt=\"\" width=\"777\" height=\"437\" srcset=\"https:\/\/i0.wp.com\/acaoparamita.com.br\/wp-content\/uploads\/2019\/11\/negra.jpeg?w=777&amp;ssl=1 777w, https:\/\/i0.wp.com\/acaoparamita.com.br\/wp-content\/uploads\/2019\/11\/negra.jpeg?resize=600%2C337&amp;ssl=1 600w, https:\/\/i0.wp.com\/acaoparamita.com.br\/wp-content\/uploads\/2019\/11\/negra.jpeg?resize=300%2C169&amp;ssl=1 300w, https:\/\/i0.wp.com\/acaoparamita.com.br\/wp-content\/uploads\/2019\/11\/negra.jpeg?resize=768%2C432&amp;ssl=1 768w\" sizes=\"(max-width: 777px) 100vw, 777px\" \/><figcaption id=\"caption-attachment-706\" class=\"wp-caption-text\">Dia da Consci\u00eancia Negra<\/figcaption><\/figure>\n<p>A data passou a ser um feriado escolar em 2003 e oito anos depois, em 2011, a ent\u00e3o presidente Dilma Rousself deu \u00e2mbito nacional a data. O Dia Da Consci\u00eancia negra \u00e9 um\u00a0feriado\u00a0comemorado em cerca de mil cidades em todo o Brasil. Nos estados do\u00a0Alagoas,\u00a0Amazonas,\u00a0Amap\u00e1,\u00a0Mato Grosso\u00a0e\u00a0Rio de Janeiro\u00a0o Dia de Zumbi dos Palmares \u00e9 reafirmado atrav\u00e9s de decretos estaduais.<\/p>\n<h3>Quem foi Zumbi dos Palmares?<\/h3>\n<p>L\u00edder do Quilombo dos Palmares, sociedade formada por escravos fugitivos das fazendas, tornando o Zumbi dos Palmares uma figura refer\u00eancia na luta contra a escravid\u00e3o. Tendo por volta de trinta mil habitantes enquanto Zumbi foi l\u00edder, nos quilombos, os negros viviam livres, produzindo tudo o que precisavam para sobreviver.<\/p>\n<p>Zumbi dos Palmares foi assassinado pelo bandeirante Domingos Jorge Velho, ap\u00f3s uma guerra entre os portugueses e os escravos refugiados no quilombo. Aos 40 anos de idade, foi degolado em 20 de novembro de 1695, ap\u00f3s ser tra\u00eddo por ex-companheiro e entregue aos bandeirantes.<\/p>\n<div class=\"content-list-component text\">\n<p class=\"bodytext\">Fonte: <a href=\"https:\/\/falauniversidades.com.br\/dia-da-consciencia-negra-entenda-o-feriado-do-dia-20-de-setembro\/\">FALA UNIVERSIDADES<\/a><\/p>\n<\/div>\n\n\n<p><\/p>","protected":false},"excerpt":{"rendered":"<p>por FALA!UNIVERSIDADES O Dia da Consci\u00eancia Negra, tamb\u00e9m conhecido como Dia de Zumbi dos Palmares, \u00e9 comemorado no dia 20 de novembro e foi institu\u00eddo oficialmente pela Lei n\u00ba 12.519, no dia 10 de novembro de 2011. O feriado remete a morte do Zumbi dos Palmares, importante figura de resist\u00eancia negra na \u00e9poca do Brasil [&hellip;]<\/p>\n","protected":false},"author":1,"featured_media":705,"comment_status":"closed","ping_status":"open","sticky":false,"template":"","format":"standard","meta":{"_themeisle_gutenberg_block_has_review":false,"_jetpack_memberships_contains_paid_content":false,"footnotes":""},"categories":[19,49],"tags":[],"class_list":["post-704","post","type-post","status-publish","format-standard","has-post-thumbnail","hentry","category-diversidade","category-negritudes"],"jetpack_featured_media_url":"https:\/\/i0.wp.com\/acaoparamita.com.br\/wp-content\/uploads\/2019\/11\/zumbi.png?fit=720%2C370&ssl=1","jetpack_sharing_enabled":true,"_links":{"self":[{"href":"https:\/\/acaoparamita.com.br\/en\/wp-json\/wp\/v2\/posts\/704","targetHints":{"allow":["GET"]}}],"collection":[{"href":"https:\/\/acaoparamita.com.br\/en\/wp-json\/wp\/v2\/posts"}],"about":[{"href":"https:\/\/acaoparamita.com.br\/en\/wp-json\/wp\/v2\/types\/post"}],"author":[{"embeddable":true,"href":"https:\/\/acaoparamita.com.br\/en\/wp-json\/wp\/v2\/users\/1"}],"replies":[{"embeddable":true,"href":"https:\/\/acaoparamita.com.br\/en\/wp-json\/wp\/v2\/comments?post=704"}],"version-history":[{"count":1,"href":"https:\/\/acaoparamita.com.br\/en\/wp-json\/wp\/v2\/posts\/704\/revisions"}],"predecessor-version":[{"id":8244,"href":"https:\/\/acaoparamita.com.br\/en\/wp-json\/wp\/v2\/posts\/704\/revisions\/8244"}],"wp:featuredmedia":[{"embeddable":true,"href":"https:\/\/acaoparamita.com.br\/en\/wp-json\/wp\/v2\/media\/705"}],"wp:attachment":[{"href":"https:\/\/acaoparamita.com.br\/en\/wp-json\/wp\/v2\/media?parent=704"}],"wp:term":[{"taxonomy":"category","embeddable":true,"href":"https:\/\/acaoparamita.com.br\/en\/wp-json\/wp\/v2\/categories?post=704"},{"taxonomy":"post_tag","embeddable":true,"href":"https:\/\/acaoparamita.com.br\/en\/wp-json\/wp\/v2\/tags?post=704"}],"curies":[{"name":"wp","href":"https:\/\/api.w.org\/{rel}","templated":true}]}}