{"id":725,"date":"2019-11-19T18:15:19","date_gmt":"2019-11-19T18:15:19","guid":{"rendered":"http:\/\/www.acaoparamita.com.br\/?p=725"},"modified":"2023-03-27T08:20:04","modified_gmt":"2023-03-27T11:20:04","slug":"hermeneuticas-e-exuneuticas-de-textos-sagrados-enegrecendo-saberes-contra-os-racismos","status":"publish","type":"post","link":"https:\/\/acaoparamita.com.br\/en\/hermeneuticas-e-exuneuticas-de-textos-sagrados-enegrecendo-saberes-contra-os-racismos\/","title":{"rendered":"Hermen\u00eauticas e Exun\u00eauticas de Textos Sagrados: enegrecendo saberes contra os racismos"},"content":{"rendered":"<p style=\"text-align:right\">por  Revda. Dra. Lilian Concei\u00e7\u00e3o da Silva <\/p>\n\n\n<div class=\"content-list-component text\">\n<div class=\"content-list-component text\">\n<div class=\"content-list-component text\">\n<div class=\"content-list-component text\">\n<div class=\"text_text\">\n<p>O Abra\u00e7o Negro \u00e9 a Pastoral Afro da Diocese Meridional, \u00a0em aten\u00e7\u00e3o \u00e0 decis\u00e3o do \u00faltimo S\u00ednodo Geral da Igreja Episcopal Anglicana do Brasil, realizado em junho de 2018, que assumiu a D\u00e9cada de Afrodescendentes (2015-2024) como pauta priorit\u00e1ria na IEAB.<\/p>\n<p>Todas as atividades da Pastoral s\u00e3o educativas e t\u00eam como principal pressuposto te\u00f3rico a Hermen\u00eautica B\u00edblica Negra, buscando instrumentalizar lideran\u00e7as para o enfrentamento ao racismo.\u00a0<\/p>\n<p>O Abra\u00e7o Negro tem parcerias com o Centro Ecum\u00eanico de Cultura Negra (CECUNE), com as Organiza\u00e7\u00f5es de Mulheres Negras, e tem estreitado o di\u00e1logo inter-religioso com outras tradi\u00e7\u00f5es crist\u00e3s e suas pastorais afro, bem como com tradi\u00e7\u00f5es de matrizes africanas.<\/p>\n<p>O di\u00e1logo com quilombos e povos ind\u00edgenas \u00e9 tamb\u00e9m um dos objetivos da Pastoral, que se prop\u00f5e a fortalecer o conceito de &#8220;Igreja Segura&#8221; tamb\u00e9m para esses grupos em grave situa\u00e7\u00e3o de ac\u00famulo de vulnerabilidades.<\/p>\n<p>A Pastoral teve in\u00edcio no dia 25 de julho deste ano, Dia da Mulher Negra Latino-americana e Caribenha. Desde ent\u00e3o t\u00eam sido ofertadas agendas mensais de forma\u00e7\u00e3o, sobre Hermen\u00eautica B\u00edblica Feminista Negra; Fundamentalismos Religiosos e Racismo Religioso; A Presenca Africana na B\u00edblia; e a pr\u00f3xima agenda ser\u00e1 sobre interpreta\u00e7\u00f5es de textos sagrados a partir de Hermen\u00eauticas e Exun\u00eauticas, como instrumentos de enfrentamento ao racismo. Imperd\u00edvel!<\/p>\n<p>\u00a0<\/p>\n<\/div>\n<\/div>\n<\/div>\n<\/div>\n<\/div>\n<p class=\"bodytext\">Fonte: <a href=\"http:\/\/diariodeviamao.com.br\/noticias\/colunas_1049\/3295_roda-de-dialogo\">DI\u00c1RIO DE VIAM\u00c3O<\/a> Originalmente publicada em 13\/11\/2019<\/p>\n\n\n<p><\/p>","protected":false},"excerpt":{"rendered":"<p>por Revda. Dra. Lilian Concei\u00e7\u00e3o da Silva O Abra\u00e7o Negro \u00e9 a Pastoral Afro da Diocese Meridional, \u00a0em aten\u00e7\u00e3o \u00e0 decis\u00e3o do \u00faltimo S\u00ednodo Geral da Igreja Episcopal Anglicana do Brasil, realizado em junho de 2018, que assumiu a D\u00e9cada de Afrodescendentes (2015-2024) como pauta priorit\u00e1ria na IEAB. Todas as atividades da Pastoral s\u00e3o educativas [&hellip;]<\/p>\n","protected":false},"author":1,"featured_media":726,"comment_status":"closed","ping_status":"open","sticky":false,"template":"","format":"standard","meta":{"_themeisle_gutenberg_block_has_review":false,"_jetpack_memberships_contains_paid_content":false,"footnotes":""},"categories":[19,26,49],"tags":[],"class_list":["post-725","post","type-post","status-publish","format-standard","has-post-thumbnail","hentry","category-diversidade","category-featured","category-negritudes"],"jetpack_featured_media_url":"https:\/\/i0.wp.com\/acaoparamita.com.br\/wp-content\/uploads\/2019\/11\/exuneuticas.jpg?fit=660%2C487&ssl=1","jetpack_sharing_enabled":true,"_links":{"self":[{"href":"https:\/\/acaoparamita.com.br\/en\/wp-json\/wp\/v2\/posts\/725","targetHints":{"allow":["GET"]}}],"collection":[{"href":"https:\/\/acaoparamita.com.br\/en\/wp-json\/wp\/v2\/posts"}],"about":[{"href":"https:\/\/acaoparamita.com.br\/en\/wp-json\/wp\/v2\/types\/post"}],"author":[{"embeddable":true,"href":"https:\/\/acaoparamita.com.br\/en\/wp-json\/wp\/v2\/users\/1"}],"replies":[{"embeddable":true,"href":"https:\/\/acaoparamita.com.br\/en\/wp-json\/wp\/v2\/comments?post=725"}],"version-history":[{"count":1,"href":"https:\/\/acaoparamita.com.br\/en\/wp-json\/wp\/v2\/posts\/725\/revisions"}],"predecessor-version":[{"id":8239,"href":"https:\/\/acaoparamita.com.br\/en\/wp-json\/wp\/v2\/posts\/725\/revisions\/8239"}],"wp:featuredmedia":[{"embeddable":true,"href":"https:\/\/acaoparamita.com.br\/en\/wp-json\/wp\/v2\/media\/726"}],"wp:attachment":[{"href":"https:\/\/acaoparamita.com.br\/en\/wp-json\/wp\/v2\/media?parent=725"}],"wp:term":[{"taxonomy":"category","embeddable":true,"href":"https:\/\/acaoparamita.com.br\/en\/wp-json\/wp\/v2\/categories?post=725"},{"taxonomy":"post_tag","embeddable":true,"href":"https:\/\/acaoparamita.com.br\/en\/wp-json\/wp\/v2\/tags?post=725"}],"curies":[{"name":"wp","href":"https:\/\/api.w.org\/{rel}","templated":true}]}}