{"id":767,"date":"2019-12-03T01:33:39","date_gmt":"2019-12-03T01:33:39","guid":{"rendered":"http:\/\/www.acaoparamita.com.br\/?p=767"},"modified":"2023-03-27T08:20:04","modified_gmt":"2023-03-27T11:20:04","slug":"fechamento-das-turmas-do-ensino-fundamental-1-da-escola-novo-lar-em-viamao-rs-provoca-protesto-on-line-e-presencial","status":"publish","type":"post","link":"https:\/\/acaoparamita.com.br\/en\/fechamento-das-turmas-do-ensino-fundamental-1-da-escola-novo-lar-em-viamao-rs-provoca-protesto-on-line-e-presencial\/","title":{"rendered":"Fechamento das turmas do Ensino Fundamental 1 da Escola Novo Lar, em Viam\u00e3o\/RS, provoca protesto on-line e presencial"},"content":{"rendered":"<div class=\"column small-12 medium-10 xlarge-11 js-responsive-iframes-container\">\n<div class=\"c-article-content js-article-content article__content selectionShareable\">\n<div class=\"column small-12 medium-10 xlarge-11 js-responsive-iframes-container\">\n<div class=\"c-article-content js-article-content article__content selectionShareable\">\n<div class=\"content-list-component text\"><header class=\"single__topo\">\n<div class=\"single__topo--assinatura bold text-uppercase\">VIAM\u00c3O &#8211; A Escola Fundamental do Novo Lar fechar\u00e1 as portas no final do ano letivo, dia 10 de dezembro.\n<div class=\"type-break-word type-l description\">\n<div class=\"rte js-description-content\">\n<p>Os alunos ter\u00e3o que entrar no sistema de sorteio de vagas municipal, sem ter a certeza de que ficar\u00e3o pr\u00f3ximos de suas casas. A Rede Salesiana informou que, por falta de verbas, encerrar\u00e1 suas atividades com as s\u00e9ries iniciais do primeiro ao quinto ano, mesmo ap\u00f3s os pais j\u00e1 terem feito a rematr\u00edcula. Foi apresentado, no dia 02 de Dezembro, um papel onde os pais deveriam selecionar tr\u00eas escolas para o pr\u00f3ximo ano letivo de seus filhos, sem a certeza de que ficar\u00e3o em uma das tr\u00eas selecionadas. A Rede Salesiana mant\u00e9m um conv\u00eanio com o munic\u00edpio e n\u00e3o sabemos os reais motivos do t\u00e9rmino das atividades.<\/p>\n<p>A Rede Salesiana faz um grande Trabalho Filantr\u00f3pico para as crian\u00e7as de baixa renda de 1\u00b0 a 5\u00b0 s\u00e9rie.<\/p>\n<p>Al\u00e9m do protesto pac\u00edfico (que ser\u00e1 realizado dia 05\/12, \u00e0s 14h, na C\u00e2mara Municipal de Viam\u00e3o), foi lan\u00e7ada uma peti\u00e7\u00e3o on-line que deseja saber quais os reais motivos que levaram ao fechamento e como a comunidade pode ajudar. Para assin\u00e1-la, acesse <a href=\"https:\/\/www.change.org\/p\/viam%C3%A3o-n%C3%A3o-ao-fechamento-da-escola-de-ensino-fundamental-do-novo-lar\">aqui<\/a>.<\/p>\n<p>Adaptado de: <a href=\"https:\/\/www.change.org\/p\/viam%C3%A3o-n%C3%A3o-ao-fechamento-da-escola-de-ensino-fundamental-do-novo-lar\">CHANGE.ORG<\/a><\/p>\n<\/div>\n<\/div>\n<\/div>\n<\/header><\/div>\n<\/div>\n<\/div>\n<\/div>\n<\/div>\n\n\n<p><\/p>","protected":false},"excerpt":{"rendered":"<p>VIAM\u00c3O &#8211; A Escola Fundamental do Novo Lar fechar\u00e1 as portas no final do ano letivo, dia 10 de dezembro. Os alunos ter\u00e3o que entrar no sistema de sorteio de vagas municipal, sem ter a certeza de que ficar\u00e3o pr\u00f3ximos de suas casas. A Rede Salesiana informou que, por falta de verbas, encerrar\u00e1 suas atividades [&hellip;]<\/p>\n","protected":false},"author":1,"featured_media":768,"comment_status":"closed","ping_status":"open","sticky":false,"template":"","format":"standard","meta":{"_themeisle_gutenberg_block_has_review":false,"_jetpack_memberships_contains_paid_content":false,"footnotes":""},"categories":[21,26],"tags":[],"class_list":["post-767","post","type-post","status-publish","format-standard","has-post-thumbnail","hentry","category-educacao","category-featured"],"jetpack_featured_media_url":"https:\/\/i0.wp.com\/acaoparamita.com.br\/wp-content\/uploads\/2019\/12\/protestoNOVOLAR.jpg?fit=800%2C450&ssl=1","jetpack_sharing_enabled":true,"_links":{"self":[{"href":"https:\/\/acaoparamita.com.br\/en\/wp-json\/wp\/v2\/posts\/767","targetHints":{"allow":["GET"]}}],"collection":[{"href":"https:\/\/acaoparamita.com.br\/en\/wp-json\/wp\/v2\/posts"}],"about":[{"href":"https:\/\/acaoparamita.com.br\/en\/wp-json\/wp\/v2\/types\/post"}],"author":[{"embeddable":true,"href":"https:\/\/acaoparamita.com.br\/en\/wp-json\/wp\/v2\/users\/1"}],"replies":[{"embeddable":true,"href":"https:\/\/acaoparamita.com.br\/en\/wp-json\/wp\/v2\/comments?post=767"}],"version-history":[{"count":1,"href":"https:\/\/acaoparamita.com.br\/en\/wp-json\/wp\/v2\/posts\/767\/revisions"}],"predecessor-version":[{"id":8225,"href":"https:\/\/acaoparamita.com.br\/en\/wp-json\/wp\/v2\/posts\/767\/revisions\/8225"}],"wp:featuredmedia":[{"embeddable":true,"href":"https:\/\/acaoparamita.com.br\/en\/wp-json\/wp\/v2\/media\/768"}],"wp:attachment":[{"href":"https:\/\/acaoparamita.com.br\/en\/wp-json\/wp\/v2\/media?parent=767"}],"wp:term":[{"taxonomy":"category","embeddable":true,"href":"https:\/\/acaoparamita.com.br\/en\/wp-json\/wp\/v2\/categories?post=767"},{"taxonomy":"post_tag","embeddable":true,"href":"https:\/\/acaoparamita.com.br\/en\/wp-json\/wp\/v2\/tags?post=767"}],"curies":[{"name":"wp","href":"https:\/\/api.w.org\/{rel}","templated":true}]}}