{"id":980,"date":"2019-12-25T09:06:34","date_gmt":"2019-12-25T09:06:34","guid":{"rendered":"http:\/\/www.acaoparamita.com.br\/?p=980"},"modified":"2023-03-27T08:19:52","modified_gmt":"2023-03-27T11:19:52","slug":"conheca-os-zen-peacemakers","status":"publish","type":"post","link":"https:\/\/acaoparamita.com.br\/en\/conheca-os-zen-peacemakers\/","title":{"rendered":"Conhe\u00e7a os Zen Peacemakers"},"content":{"rendered":"<p>Organiza\u00e7\u00e3o caracterizada pelo budismo socialmente engajado, foi fundada pelo Roshi  Bernie Glassman e sua esposa Sandra Jishu Holmes em 1996. No in\u00edcio,  buscava dar continuidade ao trabalho iniciado com a Funda\u00e7\u00e3o Greyston  Foundation em 1980, a qual tinha o prop\u00f3sito de expandir a Pr\u00e1tica Zen  em esferas mais amplas de influ\u00eancia, como na \u00e1rea dos servi\u00e7os sociais,  neg\u00f3cios e ecologia, mas sempre com grande \u00eanfase na promo\u00e7\u00e3o da paz.<br><br>Os  projetos dos<a href=\"http:\/\/zenpeacemakers.org\/\"> Zen Peacemakers<\/a> j\u00e1 inclu\u00edram desde uma cozinha comunit\u00e1ria  para imigrantes em Paris, at\u00e9 iniciativas pela n\u00e3o-viol\u00eancia nos  territ\u00f3rios palestinos, e participa\u00e7\u00e3o em projetos de coexist\u00eancia  pac\u00edfica entre Israelis e Palestinos. O Grupo Zen Peacemakers na Pol\u00f4nia estabeleceu &#8220;Treinamentos e Pr\u00e1ticas em Comunica\u00e7\u00e3o N\u00e3o-Violenta&#8221; no  sistema nacional de ensino p\u00fablico, e criou um Centro de Cuidados  Paliativos para pessoas com AIDS. O Projeto Auschwitz reuniu fam\u00edlias de  sobreviventes do Holocausto e descendentes daqueles que perpetraram o  exterm\u00ednio com o objetivo de juntos &#8220;dar testemunho dos horrores da  guerra&#8221;, em Retiros no local dos Campos de Concentra\u00e7\u00e3o na Pol\u00f4nia. Nos  EUA, os Zen Peacemakers j\u00e1 realizaram campanhas pela reforma do sistema  prisional, proporcionaram cuidados em sa\u00fade e assist\u00eancia humanit\u00e1ria  para popula\u00e7\u00f5es em risco social, nas cidades e no interior do pa\u00eds. Em  v\u00e1rias cidades do mundo, s\u00e3o realizados Retiros de Rua, sendo o que o  primeiro da Am\u00e9rica Latina ocorreu em novembro de 2011, em S\u00e3o Paulo,  sob a coordena\u00e7\u00e3o de Genro Roshi e a com participa\u00e7\u00e3o do Monge Koho, da  Sangha do ViaZen.<br><br>Atualmente, o Zen Peacemakers  tem 70 Centros afiliados nos 5 continentes, em pa\u00edses como \u00c1ustria,  Brasil, Alemanha, Irlanda, M\u00e9xico, Su\u00ed\u00e7a e Inglaterra.<br><br><strong>Miss\u00e3o<\/strong><br><em>&#8220;Buscamos  dar testemunho da alegria e do sofrimento no universo, e perceber e  manifestar a unidade e a interdepend\u00eancia da vida, atrav\u00e9s do estudo,  pr\u00e1tica e a\u00e7\u00f5es pela transforma\u00e7\u00e3o pessoal e social. Nosso prop\u00f3sito \u00e9  conectar e fortalecer a a\u00e7\u00e3o de &#8220;peacemakers&#8221; (fazedores da paz) em todo  o mundo. Nos comprometemos com a n\u00e3o-viol\u00eancia, a inclusividade, a liberdade de express\u00e3o e a experimenta\u00e7\u00e3o.&#8221;<\/em><br><br><strong>Vis\u00e3o<\/strong><br><em>&#8220;Trazemos  a vis\u00e3o de uma sociedade iluminada, onde o sofrimento seja transformado  em sabedoria e compaix\u00e3o, e onde todos os seres vivam em harmonia e  sejam liberados das afli\u00e7\u00f5es da fome, guerra e doen\u00e7as. Entendemos que a  espiritualidade e o servi\u00e7o s\u00e3o ferramentas que utilizamos para  auxiliar todos os seres a alcan\u00e7arem a liberdade, independente de suas  ra\u00e7as, religi\u00f5es, habilidades, g\u00eanero ou nacionalidade.&#8221;<\/em><br><br>Declara\u00e7\u00e3o  sobre o processo de fazer a paz Ser Zen Peacemaker \u00e9 auxiliar  indiv\u00edduos e sociedades a perceber e manifestar a unidade (interconex\u00e3o)  da vida. Este manifesta\u00e7\u00e3o resulta em uma redu\u00e7\u00e3o do sofrimento tanto  para o indiv\u00edduo como para a sociedade. Ao entrar no fluxo da  Espiritualidade Socialmente Engajada, fa\u00e7o os votos de viver uma vida  de:<br><\/p>\n\n\n\n<ul class=\"wp-block-list\"><li><strong>N\u00e3o saber, abrindo m\u00e3o de id\u00e9ias fixas sobre n\u00f3s mesmos e sobre o universo.<\/strong><\/li><li><strong>Dar testemunho da alegria e do sofrimento do mundo<\/strong><\/li><li><strong>Praticar a\u00e7\u00f5es amorosas para comigo mesmo e para com todos os seres<\/strong><\/li><\/ul>\n\n\n\n<p>Os  Tr\u00eas Princ\u00edpios servem como base para o trabalho como Fazedores da Paz.  Usar esses tr\u00eas princ\u00edpios como orienta\u00e7\u00e3o transforma o servi\u00e7o em  pr\u00e1tica espiritual. Especificamente, estas pr\u00e1ticas coibem as separa\u00e7\u00f5es  e hierarquias, e proporcionam o encontro direto entre iguais.<br><br>O  N\u00e3o-saber desestrutura o nosso quadro conceitual de preconceitos  baseado em vis\u00f5es e suposi\u00e7\u00f5es muito pessoais tais como &#8220;dentro e fora&#8221;  &#8220;bom e mau&#8221; &#8220;nome e forma&#8221;, &#8220;indo e vindo.&#8221; N\u00e3o-saber \u00e9 um estado de  presen\u00e7a aberta e sem separa\u00e7\u00e3o. Neste estado de consci\u00eancia, podemos  dar testemunho, o que representa o segundo princ\u00edpio, e nos convida a  experienciar a empatia com um indiv\u00edduo, situa\u00e7\u00e3o ou ambiente, a assim  absorver sua ess\u00eancia em profundidade. A partir desta &#8220;saber&#8221; interno,  podemos ent\u00e3o escolher uma resposta adequada \u00e0 pessoa ou situa\u00e7\u00e3o, o que  \u00e9 descrito como &#8220;praticar a\u00e7\u00f5es amorosas,&#8221; nosso terceiro princ\u00edpio.  Isso d\u00e1 origem a um estilo de projetos que \u00e9 hol\u00edstico, integrado e  abrangente de servi\u00e7os. Os Tr\u00eas Princ\u00edpios s\u00e3o aqui descritos como  pr\u00e1ticas ou fases de consci\u00eancia separadas em defer\u00eancia para com a  mente discriminadora. Na verdade, eles s\u00e3o um fluxo cont\u00ednuo, cada um  contendo e dando origem aos demais.&#8221;                  <\/p>\n\n\n\n<p>Fonte: <a href=\"http:\/\/www.viazen.org.br\/si\/site\/0501\/p\/Zen%20Peacemakers\">VIA ZEN<\/a><br><\/p>","protected":false},"excerpt":{"rendered":"<p>Organiza\u00e7\u00e3o caracterizada pelo budismo socialmente engajado, foi fundada pelo Roshi Bernie Glassman e sua esposa Sandra Jishu Holmes em 1996. No in\u00edcio, buscava dar continuidade ao trabalho iniciado com a Funda\u00e7\u00e3o Greyston Foundation em 1980, a qual tinha o prop\u00f3sito de expandir a Pr\u00e1tica Zen em esferas mais amplas de influ\u00eancia, como na \u00e1rea dos [&hellip;]<\/p>\n","protected":false},"author":1,"featured_media":983,"comment_status":"closed","ping_status":"open","sticky":false,"template":"","format":"standard","meta":{"_themeisle_gutenberg_block_has_review":false,"_jetpack_memberships_contains_paid_content":false,"footnotes":""},"categories":[19,23,33,54,55],"tags":[],"class_list":["post-980","post","type-post","status-publish","format-standard","has-post-thumbnail","hentry","category-diversidade","category-esperitualidade","category-inspiracao","category-saude-equilibrio","category-saude-mental"],"jetpack_featured_media_url":"https:\/\/i0.wp.com\/acaoparamita.com.br\/wp-content\/uploads\/2019\/12\/512x512bb.jpg?fit=512%2C512&ssl=1","jetpack_sharing_enabled":true,"_links":{"self":[{"href":"https:\/\/acaoparamita.com.br\/en\/wp-json\/wp\/v2\/posts\/980","targetHints":{"allow":["GET"]}}],"collection":[{"href":"https:\/\/acaoparamita.com.br\/en\/wp-json\/wp\/v2\/posts"}],"about":[{"href":"https:\/\/acaoparamita.com.br\/en\/wp-json\/wp\/v2\/types\/post"}],"author":[{"embeddable":true,"href":"https:\/\/acaoparamita.com.br\/en\/wp-json\/wp\/v2\/users\/1"}],"replies":[{"embeddable":true,"href":"https:\/\/acaoparamita.com.br\/en\/wp-json\/wp\/v2\/comments?post=980"}],"version-history":[{"count":1,"href":"https:\/\/acaoparamita.com.br\/en\/wp-json\/wp\/v2\/posts\/980\/revisions"}],"predecessor-version":[{"id":8206,"href":"https:\/\/acaoparamita.com.br\/en\/wp-json\/wp\/v2\/posts\/980\/revisions\/8206"}],"wp:featuredmedia":[{"embeddable":true,"href":"https:\/\/acaoparamita.com.br\/en\/wp-json\/wp\/v2\/media\/983"}],"wp:attachment":[{"href":"https:\/\/acaoparamita.com.br\/en\/wp-json\/wp\/v2\/media?parent=980"}],"wp:term":[{"taxonomy":"category","embeddable":true,"href":"https:\/\/acaoparamita.com.br\/en\/wp-json\/wp\/v2\/categories?post=980"},{"taxonomy":"post_tag","embeddable":true,"href":"https:\/\/acaoparamita.com.br\/en\/wp-json\/wp\/v2\/tags?post=980"}],"curies":[{"name":"wp","href":"https:\/\/api.w.org\/{rel}","templated":true}]}}